{"id":10003,"date":"2017-09-15T14:37:15","date_gmt":"2017-09-15T17:37:15","guid":{"rendered":"https:\/\/jusprev.org.br\/backup\/?p=10003"},"modified":"2017-09-15T14:37:15","modified_gmt":"2017-09-15T17:37:15","slug":"ampep-e-a-mais-nova-instituidora-da-jusprev","status":"publish","type":"post","link":"https:\/\/jusprev.org.br\/backup\/ampep-e-a-mais-nova-instituidora-da-jusprev\/","title":{"rendered":"AMPEP \u00e9 a mais nova instituidora da JUSPREV"},"content":{"rendered":"<p style=\"text-align: justify;\"><a href=\"https:\/\/jusprev.org.br\/backup\/wp-content\/uploads\/2017\/09\/JUSPREVeAMPEP.jpg\"><img loading=\"lazy\" decoding=\"async\" class=\"alignleft size-medium wp-image-10004\" src=\"https:\/\/jusprev.org.br\/backup\/wp-content\/uploads\/2017\/09\/JUSPREVeAMPEP-300x200.jpg\" alt=\"JUSPREVeAMPEP\" width=\"300\" height=\"200\" \/><\/a>A partir desta sexta-feira (15), a AMPEP se junta a outras 56 associa\u00e7\u00f5es de carreiras p\u00fablicas que comp\u00f5e o Col\u00e9gio de Instituidoras, um importante \u00d3rg\u00e3o Colegiado da JUSPREV.<\/p>\n<p style=\"text-align: justify;\">Ap\u00f3s criteriosa an\u00e1lise, a Superintend\u00eancia Nacional de Previd\u00eancia Complementar (PREVIC) deferiu nesta sexta-feira (15) a aprova\u00e7\u00e3o da Associa\u00e7\u00e3o do Minist\u00e9rio P\u00fablico do Par\u00e1 (AMPEP) como a mais nova instituidora da JUSPREV.<\/p>\n<p style=\"text-align: justify;\">A partir de hoje, a AMPEP se junta a outras 56 associa\u00e7\u00f5es de carreiras p\u00fablicas que comp\u00f5e o Col\u00e9gio de Instituidoras, um importante \u00d3rg\u00e3o Colegiado da JUSPREV.<\/p>\n<p style=\"text-align: justify;\">\u201cA JUSPREV d\u00e1 as boas-vindas \u00e0 AMPEP e salienta que, at\u00e9 dezembro, as instituidoras que aderirem \u00e0 JUSPREV n\u00e3o pagar\u00e3o as taxas de cria\u00e7\u00e3o e ades\u00e3o. Nesse momento, estamos tendo in\u00fameros pedidos de ades\u00e3o \u2013 que ser\u00e3o submetidos \u00e0 an\u00e1lise da PREVIC para posterior aprova\u00e7\u00e3o. \u00c9 importante a ades\u00e3o de novas instituidoras para fomentar ainda mais a Previd\u00eancia Complementar Associativa no Brasil\u201d, avalia Deborah Maggio, Gerente Geral da JUSPREV.<br \/>\nCriada em 2007, por uma forte rede de instituidoras, a JUSPREV \u00e9 a Previd\u00eancia Associativa do Minist\u00e9rio P\u00fablico, da Justi\u00e7a Brasileira e dos Auditores Fiscais da Receita Federal do Brasil. Foi pensada especialmente para atender \u00e0s necessidades dos membros de carreiras p\u00fablicas, inclusive dos j\u00e1 aposentados, e de seus familiares, desde os rec\u00e9m-nascidos. Tamb\u00e9m podem participar da JUSPREV pessoas pr\u00f3ximas, indicadas pelos associados titulares.<\/p>\n","protected":false},"excerpt":{"rendered":"<p>A partir desta sexta-feira (15), a AMPEP se junta a outras 56 associa\u00e7\u00f5es de carreiras p\u00fablicas que comp\u00f5e o Col\u00e9gio de Instituidoras, um importante \u00d3rg\u00e3o Colegiado da JUSPREV. Ap\u00f3s criteriosa&#8230;<\/p>\n","protected":false},"author":5,"featured_media":0,"comment_status":"closed","ping_status":"closed","sticky":false,"template":"","format":"standard","meta":{"footnotes":""},"categories":[31],"tags":[],"class_list":["post-10003","post","type-post","status-publish","format-standard","hentry","category-noticias"],"_links":{"self":[{"href":"https:\/\/jusprev.org.br\/backup\/wp-json\/wp\/v2\/posts\/10003","targetHints":{"allow":["GET"]}}],"collection":[{"href":"https:\/\/jusprev.org.br\/backup\/wp-json\/wp\/v2\/posts"}],"about":[{"href":"https:\/\/jusprev.org.br\/backup\/wp-json\/wp\/v2\/types\/post"}],"author":[{"embeddable":true,"href":"https:\/\/jusprev.org.br\/backup\/wp-json\/wp\/v2\/users\/5"}],"replies":[{"embeddable":true,"href":"https:\/\/jusprev.org.br\/backup\/wp-json\/wp\/v2\/comments?post=10003"}],"version-history":[{"count":0,"href":"https:\/\/jusprev.org.br\/backup\/wp-json\/wp\/v2\/posts\/10003\/revisions"}],"wp:attachment":[{"href":"https:\/\/jusprev.org.br\/backup\/wp-json\/wp\/v2\/media?parent=10003"}],"wp:term":[{"taxonomy":"category","embeddable":true,"href":"https:\/\/jusprev.org.br\/backup\/wp-json\/wp\/v2\/categories?post=10003"},{"taxonomy":"post_tag","embeddable":true,"href":"https:\/\/jusprev.org.br\/backup\/wp-json\/wp\/v2\/tags?post=10003"}],"curies":[{"name":"wp","href":"https:\/\/api.w.org\/{rel}","templated":true}]}}