{"id":10007,"date":"2017-09-18T14:44:26","date_gmt":"2017-09-18T17:44:26","guid":{"rendered":"https:\/\/jusprev.org.br\/backup\/?p=10007"},"modified":"2017-09-18T14:44:26","modified_gmt":"2017-09-18T17:44:26","slug":"jusprev-presente-no-encontro-da-apamagis","status":"publish","type":"post","link":"https:\/\/jusprev.org.br\/backup\/jusprev-presente-no-encontro-da-apamagis\/","title":{"rendered":"JUSPREV presente no Encontro da APAMAGIS"},"content":{"rendered":"<p style=\"text-align: justify;\"><a href=\"https:\/\/jusprev.org.br\/backup\/wp-content\/uploads\/2017\/09\/EncontroJUSPREVAPAMAGIS2017.jpg\"><img loading=\"lazy\" decoding=\"async\" class=\"alignleft size-medium wp-image-10008\" src=\"https:\/\/jusprev.org.br\/backup\/wp-content\/uploads\/2017\/09\/EncontroJUSPREVAPAMAGIS2017-300x150.jpg\" alt=\"EncontroJUSPREVAPAMAGIS2017\" width=\"300\" height=\"150\" \/><\/a>Durante o encontro dos associados da Associa\u00e7\u00e3o Paulista dos Magistrados foi apresentado o PLANJUS, o plano de benef\u00edcios previdenci\u00e1rios da JUPSREV.<\/p>\n<p style=\"text-align: justify;\">A JUSPREV esteve presente no Encontro de Associados da APAMAGIS, realizado em Atibaia no \u00faltimo s\u00e1bado (16). A Gerente Geral da JUSPREV, Deborah Maggio, fez uma breve explana\u00e7\u00e3o para Diretores e Associados presentes, demonstrando as vantagens de aderir ao PLANJUS, o plano de benef\u00edcios previdenci\u00e1rios institu\u00eddo pela JUSPREV.<\/p>\n<p style=\"text-align: justify;\">A APAMAGIS \u00e9 instituidora da JUSPREV e est\u00e1 fomentando a divulga\u00e7\u00e3o do plano de benef\u00edcios em todos os seus eventos.<br \/>\nA\u00e7\u00f5es como esta fazem parte do compromisso assumido pela atual gest\u00e3o de tornar a JUSPREV ainda mais evidente no cen\u00e1rio nacional da previd\u00eancia complementar, consolidando o patrim\u00f4nio dos participantes e assegurando a rentabilidade do PLANJUS a \u00edndices mais vantajosos que os oferecidos pelo mercado.<\/p>\n","protected":false},"excerpt":{"rendered":"<p>Durante o encontro dos associados da Associa\u00e7\u00e3o Paulista dos Magistrados foi apresentado o PLANJUS, o plano de benef\u00edcios previdenci\u00e1rios da JUPSREV. A JUSPREV esteve presente no Encontro de Associados da&#8230;<\/p>\n","protected":false},"author":5,"featured_media":0,"comment_status":"closed","ping_status":"closed","sticky":false,"template":"","format":"standard","meta":{"footnotes":""},"categories":[31],"tags":[],"class_list":["post-10007","post","type-post","status-publish","format-standard","hentry","category-noticias"],"_links":{"self":[{"href":"https:\/\/jusprev.org.br\/backup\/wp-json\/wp\/v2\/posts\/10007","targetHints":{"allow":["GET"]}}],"collection":[{"href":"https:\/\/jusprev.org.br\/backup\/wp-json\/wp\/v2\/posts"}],"about":[{"href":"https:\/\/jusprev.org.br\/backup\/wp-json\/wp\/v2\/types\/post"}],"author":[{"embeddable":true,"href":"https:\/\/jusprev.org.br\/backup\/wp-json\/wp\/v2\/users\/5"}],"replies":[{"embeddable":true,"href":"https:\/\/jusprev.org.br\/backup\/wp-json\/wp\/v2\/comments?post=10007"}],"version-history":[{"count":0,"href":"https:\/\/jusprev.org.br\/backup\/wp-json\/wp\/v2\/posts\/10007\/revisions"}],"wp:attachment":[{"href":"https:\/\/jusprev.org.br\/backup\/wp-json\/wp\/v2\/media?parent=10007"}],"wp:term":[{"taxonomy":"category","embeddable":true,"href":"https:\/\/jusprev.org.br\/backup\/wp-json\/wp\/v2\/categories?post=10007"},{"taxonomy":"post_tag","embeddable":true,"href":"https:\/\/jusprev.org.br\/backup\/wp-json\/wp\/v2\/tags?post=10007"}],"curies":[{"name":"wp","href":"https:\/\/api.w.org\/{rel}","templated":true}]}}