{"id":10036,"date":"2017-09-27T14:49:38","date_gmt":"2017-09-27T17:49:38","guid":{"rendered":"https:\/\/jusprev.org.br\/backup\/?p=10036"},"modified":"2017-09-27T14:49:38","modified_gmt":"2017-09-27T17:49:38","slug":"jusprev-apresenta-planjus-durante-o-encontro-estadual-da-magistratura-de-mato-grosso-do-sul","status":"publish","type":"post","link":"https:\/\/jusprev.org.br\/backup\/jusprev-apresenta-planjus-durante-o-encontro-estadual-da-magistratura-de-mato-grosso-do-sul\/","title":{"rendered":"JUSPREV apresenta PLANJUS durante o Encontro Estadual da Magistratura de Mato Grosso do Sul"},"content":{"rendered":"<p><a href=\"https:\/\/jusprev.org.br\/backup\/wp-content\/uploads\/2017\/09\/AntoniaLeliaAMAMSUL1.jpg\"><img loading=\"lazy\" decoding=\"async\" class=\"alignleft size-medium wp-image-10038\" src=\"https:\/\/jusprev.org.br\/backup\/wp-content\/uploads\/2017\/09\/AntoniaLeliaAMAMSUL1-300x200.jpg\" alt=\"AntoniaLeliaAMAMSUL1\" width=\"300\" height=\"200\" \/><\/a>Durante o Encontro Estadual da Magistratura de Mato Grosso do Sul, realizado nas \u00faltimas quinta e sexta-feira, em Bonito (MS), a Diretora-Presidente da JUSPREV, Antonia L\u00e9lia Neves Sanches, e a Gerente Geral, Deborah Maggio, proferiram palestra a respeito dos benef\u00edcios do PLANJUS a todos os associados da Associa\u00e7\u00e3o dos Magistrados do Mato Grosso do Sul, instituidora da JUSPREV.<\/p>\n<p>Estavam presentes diversas autoridades, entre elas o Ministro do STF, Jos\u00e9 Antonio Dias Toffoli e os conselheiros do CNJ Maria Tereza Uille Gomes e Henrique \u00c1villa.<\/p>\n<p>Segundo Fernando Cury, Presidente da AMAMSUL, o evento teve como objetivo discutir quest\u00f5es relacionadas ao Poder Judici\u00e1rio e a rela\u00e7\u00e3o entre os tr\u00eas poderes. \u201c\u00c9 uma forma de reciclar, discutir o futuro da Justi\u00e7a e quest\u00f5es do Poder Judici\u00e1rio\u201d, disse o Presidente.<\/p>\n","protected":false},"excerpt":{"rendered":"<p>Durante o Encontro Estadual da Magistratura de Mato Grosso do Sul, realizado nas \u00faltimas quinta e sexta-feira, em Bonito (MS), a Diretora-Presidente da JUSPREV, Antonia L\u00e9lia Neves Sanches, e a&#8230;<\/p>\n","protected":false},"author":3,"featured_media":0,"comment_status":"closed","ping_status":"closed","sticky":false,"template":"","format":"standard","meta":{"footnotes":""},"categories":[31],"tags":[],"class_list":["post-10036","post","type-post","status-publish","format-standard","hentry","category-noticias"],"_links":{"self":[{"href":"https:\/\/jusprev.org.br\/backup\/wp-json\/wp\/v2\/posts\/10036","targetHints":{"allow":["GET"]}}],"collection":[{"href":"https:\/\/jusprev.org.br\/backup\/wp-json\/wp\/v2\/posts"}],"about":[{"href":"https:\/\/jusprev.org.br\/backup\/wp-json\/wp\/v2\/types\/post"}],"author":[{"embeddable":true,"href":"https:\/\/jusprev.org.br\/backup\/wp-json\/wp\/v2\/users\/3"}],"replies":[{"embeddable":true,"href":"https:\/\/jusprev.org.br\/backup\/wp-json\/wp\/v2\/comments?post=10036"}],"version-history":[{"count":0,"href":"https:\/\/jusprev.org.br\/backup\/wp-json\/wp\/v2\/posts\/10036\/revisions"}],"wp:attachment":[{"href":"https:\/\/jusprev.org.br\/backup\/wp-json\/wp\/v2\/media?parent=10036"}],"wp:term":[{"taxonomy":"category","embeddable":true,"href":"https:\/\/jusprev.org.br\/backup\/wp-json\/wp\/v2\/categories?post=10036"},{"taxonomy":"post_tag","embeddable":true,"href":"https:\/\/jusprev.org.br\/backup\/wp-json\/wp\/v2\/tags?post=10036"}],"curies":[{"name":"wp","href":"https:\/\/api.w.org\/{rel}","templated":true}]}}