{"id":10044,"date":"2017-09-29T14:02:54","date_gmt":"2017-09-29T17:02:54","guid":{"rendered":"https:\/\/jusprev.org.br\/backup\/?p=10044"},"modified":"2017-09-29T14:02:54","modified_gmt":"2017-09-29T17:02:54","slug":"jusprev-no-xxii-congresso-nacional-do-ministerio-publico","status":"publish","type":"post","link":"https:\/\/jusprev.org.br\/backup\/jusprev-no-xxii-congresso-nacional-do-ministerio-publico\/","title":{"rendered":"JUSPREV no XXII Congresso Nacional do Minist\u00e9rio P\u00fablico"},"content":{"rendered":"<p><a href=\"https:\/\/jusprev.org.br\/backup\/wp-content\/uploads\/2017\/09\/JUSPREV-no-XXII-Congresso-Nacional-do-Minist\u00e9rio-P\u00fablico.jpg\"><img loading=\"lazy\" decoding=\"async\" class=\"alignleft size-medium wp-image-10042\" src=\"https:\/\/jusprev.org.br\/backup\/wp-content\/uploads\/2017\/09\/JUSPREV-no-XXII-Congresso-Nacional-do-Minist\u00e9rio-P\u00fablico-250x300.jpg\" alt=\"JUSPREV no XXII Congresso Nacional do Minist\u00e9rio P\u00fablico\" width=\"250\" height=\"300\" \/><\/a><\/p>\n<p>O XXII Congresso do Minist\u00e9rio P\u00fablico, realizado desde o dia 27, em Belo Horizonte (MG), encerra nesta tarde ap\u00f3s tr\u00eas dias de intensa atividade. O evento, que \u00e9 organizado pela Associa\u00e7\u00e3o Nacional dos Membros do Minist\u00e9rio P\u00fablico (Conamp) e pela Associa\u00e7\u00e3o Mineira do Minist\u00e9rio P\u00fablico (AMMP), re\u00fane representantes do MP de todos os Estados da Federa\u00e7\u00e3o. O tema escolhido, \u201cTr\u00eas d\u00e9cadas da Constitui\u00e7\u00e3o Federal de 1988: os novos desafios do Minist\u00e9rio P\u00fablico\u201d, tem como objetivo promover uma discuss\u00e3o relevante para o aprimoramento da atua\u00e7\u00e3o da classe em todo o pa\u00eds.<br \/>\nA JUSPREV est\u00e1 presente desde o primeiro dia do Congresso. Durante todo o evento, a Gerente Geral, Deborah Maggio (ao centro), e os consultores previdenci\u00e1rios Alexandre dos Santos e Carolina Dutra trabalham na divulga\u00e7\u00e3o do PLANJUS \u2013 o plano de benef\u00edcios previdenci\u00e1rios da JUSPREV.<br \/>\nO objetivo \u00e9 fomentar a ades\u00e3o de novos participantes atrav\u00e9s de uma campanha pontual que inclui distribui\u00e7\u00e3o de materiais publicit\u00e1rios, realiza\u00e7\u00e3o de consultorias personalizadas e sorteio de brindes entre os visitantes.<\/p>\n","protected":false},"excerpt":{"rendered":"<p>O XXII Congresso do Minist\u00e9rio P\u00fablico, realizado desde o dia 27, em Belo Horizonte (MG), encerra nesta tarde ap\u00f3s tr\u00eas dias de intensa atividade. O evento, que \u00e9 organizado pela&#8230;<\/p>\n","protected":false},"author":3,"featured_media":0,"comment_status":"closed","ping_status":"closed","sticky":false,"template":"","format":"standard","meta":{"footnotes":""},"categories":[31],"tags":[],"class_list":["post-10044","post","type-post","status-publish","format-standard","hentry","category-noticias"],"_links":{"self":[{"href":"https:\/\/jusprev.org.br\/backup\/wp-json\/wp\/v2\/posts\/10044","targetHints":{"allow":["GET"]}}],"collection":[{"href":"https:\/\/jusprev.org.br\/backup\/wp-json\/wp\/v2\/posts"}],"about":[{"href":"https:\/\/jusprev.org.br\/backup\/wp-json\/wp\/v2\/types\/post"}],"author":[{"embeddable":true,"href":"https:\/\/jusprev.org.br\/backup\/wp-json\/wp\/v2\/users\/3"}],"replies":[{"embeddable":true,"href":"https:\/\/jusprev.org.br\/backup\/wp-json\/wp\/v2\/comments?post=10044"}],"version-history":[{"count":0,"href":"https:\/\/jusprev.org.br\/backup\/wp-json\/wp\/v2\/posts\/10044\/revisions"}],"wp:attachment":[{"href":"https:\/\/jusprev.org.br\/backup\/wp-json\/wp\/v2\/media?parent=10044"}],"wp:term":[{"taxonomy":"category","embeddable":true,"href":"https:\/\/jusprev.org.br\/backup\/wp-json\/wp\/v2\/categories?post=10044"},{"taxonomy":"post_tag","embeddable":true,"href":"https:\/\/jusprev.org.br\/backup\/wp-json\/wp\/v2\/tags?post=10044"}],"curies":[{"name":"wp","href":"https:\/\/api.w.org\/{rel}","templated":true}]}}