{"id":10047,"date":"2017-10-02T15:02:03","date_gmt":"2017-10-02T18:02:03","guid":{"rendered":"https:\/\/jusprev.org.br\/backup\/?p=10047"},"modified":"2017-10-02T15:02:03","modified_gmt":"2017-10-02T18:02:03","slug":"conselho-fiscal-realiza-reuniao-em-curitiba","status":"publish","type":"post","link":"https:\/\/jusprev.org.br\/backup\/conselho-fiscal-realiza-reuniao-em-curitiba\/","title":{"rendered":"Conselho Fiscal realiza reuni\u00e3o em Curitiba"},"content":{"rendered":"<p><a href=\"https:\/\/jusprev.org.br\/backup\/wp-content\/uploads\/2017\/10\/Reuni\u00e3o-Conselho-Fiscal-Outubro-3.jpg\"><img loading=\"lazy\" decoding=\"async\" class=\"alignleft size-medium wp-image-10048\" src=\"https:\/\/jusprev.org.br\/backup\/wp-content\/uploads\/2017\/10\/Reuni\u00e3o-Conselho-Fiscal-Outubro-3-300x225.jpg\" alt=\"Reuni\u00e3o Conselho Fiscal Outubro 3\" width=\"350\" height=\"245\" \/><\/a>Acontece agora mais uma reuni\u00e3o do Conselho Fiscal da JUSPREV. O encontro est\u00e1 sendo realizado na sede da entidade, em Curitiba. Est\u00e3o presentes o Presidente do Conselho, Julio Cesar Zem Cardozo, e os Conselheiros Fabio Costa Gonzaga, Lineu Bonora Peinado e Luiz Felipe de Miranda Cheib. Tamb\u00e9m participam da reuni\u00e3o Deborah Maggio, Gerente Geral da JUSPREV, Allan Nogueira (Coordenador Econ\u00f4mico e Financeiro da JUSPREV), Jessyca Traldi (Assistente Financeira da JUSPREV) e Alexandre Ferrari de Souza (Contabilidade UNITBPO).<\/p>\n<p>O Conselho Fiscal \u00e9 formado por representantes indicados pelas pr\u00f3prias instituidoras que comp\u00f5em a JUSPREV e tem como objetivo acompanhar e fiscalizar as a\u00e7\u00f5es praticadas pela entidade.<\/p>\n","protected":false},"excerpt":{"rendered":"<p>Acontece agora mais uma reuni\u00e3o do Conselho Fiscal da JUSPREV. O encontro est\u00e1 sendo realizado na sede da entidade, em Curitiba. Est\u00e3o presentes o Presidente do Conselho, Julio Cesar Zem&#8230;<\/p>\n","protected":false},"author":3,"featured_media":0,"comment_status":"closed","ping_status":"closed","sticky":false,"template":"","format":"standard","meta":{"footnotes":""},"categories":[31],"tags":[],"class_list":["post-10047","post","type-post","status-publish","format-standard","hentry","category-noticias"],"_links":{"self":[{"href":"https:\/\/jusprev.org.br\/backup\/wp-json\/wp\/v2\/posts\/10047","targetHints":{"allow":["GET"]}}],"collection":[{"href":"https:\/\/jusprev.org.br\/backup\/wp-json\/wp\/v2\/posts"}],"about":[{"href":"https:\/\/jusprev.org.br\/backup\/wp-json\/wp\/v2\/types\/post"}],"author":[{"embeddable":true,"href":"https:\/\/jusprev.org.br\/backup\/wp-json\/wp\/v2\/users\/3"}],"replies":[{"embeddable":true,"href":"https:\/\/jusprev.org.br\/backup\/wp-json\/wp\/v2\/comments?post=10047"}],"version-history":[{"count":0,"href":"https:\/\/jusprev.org.br\/backup\/wp-json\/wp\/v2\/posts\/10047\/revisions"}],"wp:attachment":[{"href":"https:\/\/jusprev.org.br\/backup\/wp-json\/wp\/v2\/media?parent=10047"}],"wp:term":[{"taxonomy":"category","embeddable":true,"href":"https:\/\/jusprev.org.br\/backup\/wp-json\/wp\/v2\/categories?post=10047"},{"taxonomy":"post_tag","embeddable":true,"href":"https:\/\/jusprev.org.br\/backup\/wp-json\/wp\/v2\/tags?post=10047"}],"curies":[{"name":"wp","href":"https:\/\/api.w.org\/{rel}","templated":true}]}}