{"id":10063,"date":"2017-10-05T12:12:03","date_gmt":"2017-10-05T15:12:03","guid":{"rendered":"https:\/\/jusprev.org.br\/backup\/?p=10063"},"modified":"2017-10-05T12:12:03","modified_gmt":"2017-10-05T15:12:03","slug":"10063-2","status":"publish","type":"post","link":"https:\/\/jusprev.org.br\/backup\/10063-2\/","title":{"rendered":"JUSPREV presente na 38\u00aa edi\u00e7\u00e3o do Congresso Brasileiro da Previd\u00eancia Complementar Fechada"},"content":{"rendered":"<p>&nbsp;<\/p>\n<p><a href=\"https:\/\/jusprev.org.br\/backup\/wp-content\/uploads\/2017\/10\/38-Congresso-Abrapp.jpg\"><img loading=\"lazy\" decoding=\"async\" class=\"alignleft size-medium wp-image-10064\" src=\"https:\/\/jusprev.org.br\/backup\/wp-content\/uploads\/2017\/10\/38-Congresso-Abrapp-300x169.jpg\" alt=\"38 Congresso Abrapp\" width=\"300\" height=\"169\" \/><\/a>Com o tema \u201cUma Nova Realidade: Previd\u00eancia Complementar para Todos\u201d, a 38\u00aa edi\u00e7\u00e3o do maior evento brasileiro de entidades fechadas de previd\u00eancia prioriza a discuss\u00e3o de respostas e propostas para abrir o futuro do sistema. O Congresso Brasileiro da Previd\u00eancia Complementar Fechada promove uma grande mobiliza\u00e7\u00e3o n\u00e3o apenas dos\u00a0atuais participantes do sistema, mas tamb\u00e9m de empres\u00e1rios, representantes de institui\u00e7\u00f5es de classe e mercados, al\u00e9m de sindicatos, e Governo.<\/p>\n<p>Representando a JUSPREV, participam do evento o Conselheiro Deliberativo Gildenor Eud\u00f3cio de Ara\u00fajo Pires Junior, o Diretor Jur\u00eddico e de Benef\u00edcios, Marcio Humberto Gheller, os membros do Comit\u00ea de Investimentos Felipe Locke Cavalcanti, Francisco Borges, Maur\u00edcio Trevisan e Miguel N\u00f4vo, al\u00e9m da Gerente Geral da entidade, Deborah Maggio.<\/p>\n<p>Durante o Congresso est\u00e3o sendo apresentadas propostas de novos produtos e desenhos de planos mais adaptados \u00e0s necessidades dos trabalhadores das novas gera\u00e7\u00f5es para voltar a alavancar o desenvolvimento dos planos e entidades. O sistema tem um grande potencial de crescimento gerado a partir da discuss\u00e3o da Reforma da Previd\u00eancia.<\/p>\n<p>\u201cTemos um grande potencial de crescimento. Temos estudos que mostram que o sistema pode passar de 2,5 milh\u00f5es de participantes para 15 milh\u00f5es em um curto prazo. Isso est\u00e1 dentro do planejamento estrat\u00e9gico da Abrapp\u201d, diz o Presidente da institui\u00e7\u00e3o, Lu\u00eds Ricardo Marcondes Martins. Ele acredita que \u00e9 poss\u00edvel saltar dos 3% da popula\u00e7\u00e3o economicamente ativa para 16%.<\/p>\n<p>Para que a previd\u00eancia complementar fechada se efetive como parte da solu\u00e7\u00e3o para a quest\u00e3o previdenci\u00e1ria no Brasil \u00e9 urgente uma agenda de fomento, tanto por meio de incentivos \u00e0s empresas, institui\u00e7\u00f5es de classe e pessoas, quanto pela cria\u00e7\u00e3o de novos produtos e estruturas que possibilitem tal expans\u00e3o. O Congresso, que est\u00e1 sendo realizado em S\u00e3o Paulo no Transam\u00e9rica Expo Center, deve reunir um p\u00fablico de 3000 pessoas at\u00e9 amanh\u00e3 (6), data de encerramento do evento.<\/p>\n","protected":false},"excerpt":{"rendered":"<p>&nbsp; Com o tema \u201cUma Nova Realidade: Previd\u00eancia Complementar para Todos\u201d, a 38\u00aa edi\u00e7\u00e3o do maior evento brasileiro de entidades fechadas de previd\u00eancia prioriza a discuss\u00e3o de respostas e propostas&#8230;<\/p>\n","protected":false},"author":3,"featured_media":0,"comment_status":"closed","ping_status":"closed","sticky":false,"template":"","format":"standard","meta":{"footnotes":""},"categories":[31],"tags":[],"class_list":["post-10063","post","type-post","status-publish","format-standard","hentry","category-noticias"],"_links":{"self":[{"href":"https:\/\/jusprev.org.br\/backup\/wp-json\/wp\/v2\/posts\/10063","targetHints":{"allow":["GET"]}}],"collection":[{"href":"https:\/\/jusprev.org.br\/backup\/wp-json\/wp\/v2\/posts"}],"about":[{"href":"https:\/\/jusprev.org.br\/backup\/wp-json\/wp\/v2\/types\/post"}],"author":[{"embeddable":true,"href":"https:\/\/jusprev.org.br\/backup\/wp-json\/wp\/v2\/users\/3"}],"replies":[{"embeddable":true,"href":"https:\/\/jusprev.org.br\/backup\/wp-json\/wp\/v2\/comments?post=10063"}],"version-history":[{"count":0,"href":"https:\/\/jusprev.org.br\/backup\/wp-json\/wp\/v2\/posts\/10063\/revisions"}],"wp:attachment":[{"href":"https:\/\/jusprev.org.br\/backup\/wp-json\/wp\/v2\/media?parent=10063"}],"wp:term":[{"taxonomy":"category","embeddable":true,"href":"https:\/\/jusprev.org.br\/backup\/wp-json\/wp\/v2\/categories?post=10063"},{"taxonomy":"post_tag","embeddable":true,"href":"https:\/\/jusprev.org.br\/backup\/wp-json\/wp\/v2\/tags?post=10063"}],"curies":[{"name":"wp","href":"https:\/\/api.w.org\/{rel}","templated":true}]}}