{"id":10068,"date":"2017-10-06T12:12:42","date_gmt":"2017-10-06T15:12:42","guid":{"rendered":"https:\/\/jusprev.org.br\/backup\/?p=10068"},"modified":"2017-10-06T12:12:42","modified_gmt":"2017-10-06T15:12:42","slug":"termina-hoje-a-38a-edicao-do-congresso-brasileiro-da-previdencia-complementar-fechada","status":"publish","type":"post","link":"https:\/\/jusprev.org.br\/backup\/termina-hoje-a-38a-edicao-do-congresso-brasileiro-da-previdencia-complementar-fechada\/","title":{"rendered":"Termina hoje a 38\u00aa edi\u00e7\u00e3o do Congresso Brasileiro da Previd\u00eancia Complementar Fechada"},"content":{"rendered":"<p>&nbsp;<\/p>\n<div class=\"text_exposed_show\"><\/div>\n<p><a href=\"https:\/\/jusprev.org.br\/backup\/wp-content\/uploads\/2017\/10\/Congresso-Abrapp2.png\"><img loading=\"lazy\" decoding=\"async\" class=\"alignleft size-medium wp-image-10069\" src=\"https:\/\/jusprev.org.br\/backup\/wp-content\/uploads\/2017\/10\/Congresso-Abrapp2-300x225.png\" alt=\"Congresso Abrapp2\" width=\"300\" height=\"225\" \/><\/a><\/p>\n<p>Termina hoje (06\/10), \u00e0s 13h30, a 38\u00aa edi\u00e7\u00e3o do Congresso Brasileiro da Previd\u00eancia Complementar Fechada, em S\u00e3o Paulo.<\/p>\n<p>Pela JUSPREV, participaram: Maur\u00edcio Trevisan (\u00e0 esquerda na foto), Deborah Maggio, Felipe Locke Cavalcanti, Francisco Borges, Marcio Humberto Gheller, Gildenor Eud\u00f3cio de Ara\u00fajo Pires J\u00fanior e Miguel N\u00f4vo.<\/p>\n<div class=\"text_exposed_show\">\n<p>Durante os tr\u00eas dias de evento, o Congresso promoveu uma grande mobiliza\u00e7\u00e3o n\u00e3o apenas dos atuais participantes do sistema, mas tamb\u00e9m de empres\u00e1rios, representantes de institui\u00e7\u00f5es de classe e mercados, al\u00e9m de sindicatos, e Governo.<\/p>\n<\/div>\n","protected":false},"excerpt":{"rendered":"<p>&nbsp; Termina hoje (06\/10), \u00e0s 13h30, a 38\u00aa edi\u00e7\u00e3o do Congresso Brasileiro da Previd\u00eancia Complementar Fechada, em S\u00e3o Paulo. Pela JUSPREV, participaram: Maur\u00edcio Trevisan (\u00e0 esquerda na foto), Deborah Maggio,&#8230;<\/p>\n","protected":false},"author":3,"featured_media":0,"comment_status":"closed","ping_status":"closed","sticky":false,"template":"","format":"standard","meta":{"footnotes":""},"categories":[31],"tags":[],"class_list":["post-10068","post","type-post","status-publish","format-standard","hentry","category-noticias"],"_links":{"self":[{"href":"https:\/\/jusprev.org.br\/backup\/wp-json\/wp\/v2\/posts\/10068","targetHints":{"allow":["GET"]}}],"collection":[{"href":"https:\/\/jusprev.org.br\/backup\/wp-json\/wp\/v2\/posts"}],"about":[{"href":"https:\/\/jusprev.org.br\/backup\/wp-json\/wp\/v2\/types\/post"}],"author":[{"embeddable":true,"href":"https:\/\/jusprev.org.br\/backup\/wp-json\/wp\/v2\/users\/3"}],"replies":[{"embeddable":true,"href":"https:\/\/jusprev.org.br\/backup\/wp-json\/wp\/v2\/comments?post=10068"}],"version-history":[{"count":0,"href":"https:\/\/jusprev.org.br\/backup\/wp-json\/wp\/v2\/posts\/10068\/revisions"}],"wp:attachment":[{"href":"https:\/\/jusprev.org.br\/backup\/wp-json\/wp\/v2\/media?parent=10068"}],"wp:term":[{"taxonomy":"category","embeddable":true,"href":"https:\/\/jusprev.org.br\/backup\/wp-json\/wp\/v2\/categories?post=10068"},{"taxonomy":"post_tag","embeddable":true,"href":"https:\/\/jusprev.org.br\/backup\/wp-json\/wp\/v2\/tags?post=10068"}],"curies":[{"name":"wp","href":"https:\/\/api.w.org\/{rel}","templated":true}]}}