{"id":10078,"date":"2017-10-11T12:52:31","date_gmt":"2017-10-11T15:52:31","guid":{"rendered":"https:\/\/jusprev.org.br\/backup\/?p=10078"},"modified":"2017-10-11T12:52:31","modified_gmt":"2017-10-11T15:52:31","slug":"outubro-rosa","status":"publish","type":"post","link":"https:\/\/jusprev.org.br\/backup\/outubro-rosa\/","title":{"rendered":"Outubro Rosa"},"content":{"rendered":"<p><a href=\"https:\/\/jusprev.org.br\/backup\/wp-content\/uploads\/2017\/10\/outubro-Rosa.jpg\"><img loading=\"lazy\" decoding=\"async\" class=\"alignleft size-large wp-image-10076\" src=\"https:\/\/jusprev.org.br\/backup\/wp-content\/uploads\/2017\/10\/outubro-Rosa-1024x373.jpg\" alt=\"outubro Rosa\" width=\"600\" height=\"200\" \/><\/a><\/p>\n<p style=\"text-align: left;\">O Movimento Outubro Rosa surgiu em 1985, por meio de uma parceria entre a American C\u00e2ncer Society, empresas e organiza\u00e7\u00f5es. O Outubro Rosa desenvolve em todo o mundo a campanha internacional anual de mobiliza\u00e7\u00e3o e conscientiza\u00e7\u00e3o do cuidado, preven\u00e7\u00e3o e diagn\u00f3stico no c\u00e2ncer na mama, incentivando o tratamento e a cura. A campanha tamb\u00e9m oferece informa\u00e7\u00f5es e apoio \u00e0s pessoas afetadas pelo c\u00e2ncer de mama.<\/p>\n<p style=\"text-align: left;\">A ilumina\u00e7\u00e3o em rosa de monumentos em diversas partes do mundo \u00e9 uma das formas como o Outubro Rosa ganha visibilidade de modo original. As muitas constru\u00e7\u00f5es revestidas com a cor da campanha v\u00e3o desde torres, museus, teatros e outros pontos tur\u00edsticos at\u00e9 importantes constru\u00e7\u00f5es do estado, como o Pal\u00e1cio do Planalto, por exemplo.<\/p>\n<p style=\"text-align: left;\">Por todo o Brasil, assim como em todo o mundo, o m\u00eas de outubro \u00e9 repleto de palestras sobre o c\u00e2ncer de mama. Elas s\u00e3o realizadas por meio do poder p\u00fablico, volunt\u00e1rios, entidades, profissionais de sa\u00fade, institui\u00e7\u00f5es de ensino e pela comunidade em geral. A campanha \u00e9 estimulada tamb\u00e9m pelo uso de camisetas ou enfeites na cor rosa, al\u00e9m de broches com o s\u00edmbolo do movimento \u2013 o la\u00e7o rosa.<\/p>\n<p style=\"text-align: left;\">A JUSPREV abra\u00e7a esta causa!<\/p>\n","protected":false},"excerpt":{"rendered":"<p>O Movimento Outubro Rosa surgiu em 1985, por meio de uma parceria entre a American C\u00e2ncer Society, empresas e organiza\u00e7\u00f5es. O Outubro Rosa desenvolve em todo o mundo a campanha&#8230;<\/p>\n","protected":false},"author":3,"featured_media":0,"comment_status":"closed","ping_status":"closed","sticky":false,"template":"","format":"standard","meta":{"footnotes":""},"categories":[31],"tags":[],"class_list":["post-10078","post","type-post","status-publish","format-standard","hentry","category-noticias"],"_links":{"self":[{"href":"https:\/\/jusprev.org.br\/backup\/wp-json\/wp\/v2\/posts\/10078","targetHints":{"allow":["GET"]}}],"collection":[{"href":"https:\/\/jusprev.org.br\/backup\/wp-json\/wp\/v2\/posts"}],"about":[{"href":"https:\/\/jusprev.org.br\/backup\/wp-json\/wp\/v2\/types\/post"}],"author":[{"embeddable":true,"href":"https:\/\/jusprev.org.br\/backup\/wp-json\/wp\/v2\/users\/3"}],"replies":[{"embeddable":true,"href":"https:\/\/jusprev.org.br\/backup\/wp-json\/wp\/v2\/comments?post=10078"}],"version-history":[{"count":0,"href":"https:\/\/jusprev.org.br\/backup\/wp-json\/wp\/v2\/posts\/10078\/revisions"}],"wp:attachment":[{"href":"https:\/\/jusprev.org.br\/backup\/wp-json\/wp\/v2\/media?parent=10078"}],"wp:term":[{"taxonomy":"category","embeddable":true,"href":"https:\/\/jusprev.org.br\/backup\/wp-json\/wp\/v2\/categories?post=10078"},{"taxonomy":"post_tag","embeddable":true,"href":"https:\/\/jusprev.org.br\/backup\/wp-json\/wp\/v2\/tags?post=10078"}],"curies":[{"name":"wp","href":"https:\/\/api.w.org\/{rel}","templated":true}]}}