{"id":10090,"date":"2017-10-16T12:24:32","date_gmt":"2017-10-16T14:24:32","guid":{"rendered":"https:\/\/jusprev.org.br\/backup\/?p=10090"},"modified":"2017-10-16T12:24:32","modified_gmt":"2017-10-16T14:24:32","slug":"palestras-com-a-professora-myrian-lund","status":"publish","type":"post","link":"https:\/\/jusprev.org.br\/backup\/palestras-com-a-professora-myrian-lund\/","title":{"rendered":"Palestras com a Professora Myrian Lund"},"content":{"rendered":"<p style=\"text-align: left;\"><a href=\"https:\/\/jusprev.org.br\/backup\/wp-content\/uploads\/2017\/10\/Cronograma-Palestra-EF.jpg\"><img loading=\"lazy\" decoding=\"async\" class=\"alignleft size-medium wp-image-10091\" src=\"https:\/\/jusprev.org.br\/backup\/wp-content\/uploads\/2017\/10\/Cronograma-Palestra-EF-257x300.jpg\" alt=\"Cronograma Palestra EF\" width=\"257\" height=\"300\" \/><\/a>Dando continuidade ao projeto de Educa\u00e7\u00e3o Financeira da JUSPREV, gostar\u00edamos de convid\u00e1-los para as pr\u00f3ximas palestras online com a Professora Myrian Lund.<\/p>\n<p style=\"text-align: left;\">Para participar, basta ficar atento \u00e0s datas e fazer sua inscri\u00e7\u00e3o. Al\u00e9m de assistir \u00e0s aulas, \u00e9 poss\u00edvel fazer perguntas e tirar as d\u00favidas diretamente com a especialista.<\/p>\n","protected":false},"excerpt":{"rendered":"<p>Dando continuidade ao projeto de Educa\u00e7\u00e3o Financeira da JUSPREV, gostar\u00edamos de convid\u00e1-los para as pr\u00f3ximas palestras online com a Professora Myrian Lund. Para participar, basta ficar atento \u00e0s datas e&#8230;<\/p>\n","protected":false},"author":3,"featured_media":0,"comment_status":"closed","ping_status":"closed","sticky":false,"template":"","format":"standard","meta":{"footnotes":""},"categories":[31],"tags":[],"class_list":["post-10090","post","type-post","status-publish","format-standard","hentry","category-noticias"],"_links":{"self":[{"href":"https:\/\/jusprev.org.br\/backup\/wp-json\/wp\/v2\/posts\/10090","targetHints":{"allow":["GET"]}}],"collection":[{"href":"https:\/\/jusprev.org.br\/backup\/wp-json\/wp\/v2\/posts"}],"about":[{"href":"https:\/\/jusprev.org.br\/backup\/wp-json\/wp\/v2\/types\/post"}],"author":[{"embeddable":true,"href":"https:\/\/jusprev.org.br\/backup\/wp-json\/wp\/v2\/users\/3"}],"replies":[{"embeddable":true,"href":"https:\/\/jusprev.org.br\/backup\/wp-json\/wp\/v2\/comments?post=10090"}],"version-history":[{"count":0,"href":"https:\/\/jusprev.org.br\/backup\/wp-json\/wp\/v2\/posts\/10090\/revisions"}],"wp:attachment":[{"href":"https:\/\/jusprev.org.br\/backup\/wp-json\/wp\/v2\/media?parent=10090"}],"wp:term":[{"taxonomy":"category","embeddable":true,"href":"https:\/\/jusprev.org.br\/backup\/wp-json\/wp\/v2\/categories?post=10090"},{"taxonomy":"post_tag","embeddable":true,"href":"https:\/\/jusprev.org.br\/backup\/wp-json\/wp\/v2\/tags?post=10090"}],"curies":[{"name":"wp","href":"https:\/\/api.w.org\/{rel}","templated":true}]}}