{"id":10125,"date":"2017-10-25T11:24:05","date_gmt":"2017-10-25T13:24:05","guid":{"rendered":"https:\/\/jusprev.org.br\/backup\/?p=10125"},"modified":"2017-10-25T11:24:05","modified_gmt":"2017-10-25T13:24:05","slug":"amanha-tem-palestra-online-com-a-professora-myrian-lund","status":"publish","type":"post","link":"https:\/\/jusprev.org.br\/backup\/amanha-tem-palestra-online-com-a-professora-myrian-lund\/","title":{"rendered":"Amanh\u00e3 tem palestra online com a Professora Myrian Lund"},"content":{"rendered":"<p><a href=\"https:\/\/www.school-network.net\/Event\/Join\/247282200740\" target=\"_blank\"><img loading=\"lazy\" decoding=\"async\" class=\"alignleft size-medium wp-image-10126\" src=\"https:\/\/jusprev.org.br\/backup\/wp-content\/uploads\/2017\/10\/Palestra-Online-300x208.jpg\" alt=\"Palestra Online\" width=\"300\" height=\"208\" \/><\/a>Dando sequ\u00eancia ao nosso projeto de Educa\u00e7\u00e3o Financeira, voc\u00ea acompanha neste dia 26 (quinta-feira) a palestra online com a Professora Myrian Lund. Ela vai dar dicas de como fazer uma reserva de emerg\u00eancia para o caso de imprevistos. Para participar, clique na imagem e o direcionaremos para a p\u00e1gina de inscri\u00e7\u00e3o. A\u00ed \u00e9 s\u00f3 preencher com seus dados e aproveitar a aula!<\/p>\n","protected":false},"excerpt":{"rendered":"<p>Dando sequ\u00eancia ao nosso projeto de Educa\u00e7\u00e3o Financeira, voc\u00ea acompanha neste dia 26 (quinta-feira) a palestra online com a Professora Myrian Lund. Ela vai dar dicas de como fazer uma&#8230;<\/p>\n","protected":false},"author":3,"featured_media":0,"comment_status":"closed","ping_status":"closed","sticky":false,"template":"","format":"standard","meta":{"footnotes":""},"categories":[31],"tags":[],"class_list":["post-10125","post","type-post","status-publish","format-standard","hentry","category-noticias"],"_links":{"self":[{"href":"https:\/\/jusprev.org.br\/backup\/wp-json\/wp\/v2\/posts\/10125","targetHints":{"allow":["GET"]}}],"collection":[{"href":"https:\/\/jusprev.org.br\/backup\/wp-json\/wp\/v2\/posts"}],"about":[{"href":"https:\/\/jusprev.org.br\/backup\/wp-json\/wp\/v2\/types\/post"}],"author":[{"embeddable":true,"href":"https:\/\/jusprev.org.br\/backup\/wp-json\/wp\/v2\/users\/3"}],"replies":[{"embeddable":true,"href":"https:\/\/jusprev.org.br\/backup\/wp-json\/wp\/v2\/comments?post=10125"}],"version-history":[{"count":0,"href":"https:\/\/jusprev.org.br\/backup\/wp-json\/wp\/v2\/posts\/10125\/revisions"}],"wp:attachment":[{"href":"https:\/\/jusprev.org.br\/backup\/wp-json\/wp\/v2\/media?parent=10125"}],"wp:term":[{"taxonomy":"category","embeddable":true,"href":"https:\/\/jusprev.org.br\/backup\/wp-json\/wp\/v2\/categories?post=10125"},{"taxonomy":"post_tag","embeddable":true,"href":"https:\/\/jusprev.org.br\/backup\/wp-json\/wp\/v2\/tags?post=10125"}],"curies":[{"name":"wp","href":"https:\/\/api.w.org\/{rel}","templated":true}]}}