{"id":10152,"date":"2017-11-17T16:56:11","date_gmt":"2017-11-17T18:56:11","guid":{"rendered":"https:\/\/jusprev.org.br\/backup\/?p=10152"},"modified":"2017-11-17T16:56:11","modified_gmt":"2017-11-17T18:56:11","slug":"10152-2","status":"publish","type":"post","link":"https:\/\/jusprev.org.br\/backup\/10152-2\/","title":{"rendered":"JUSPREV realiza reuni\u00e3o conjunta em Curitiba"},"content":{"rendered":"<p><a href=\"https:\/\/jusprev.org.br\/backup\/?attachment_id=10150\" rel=\"attachment wp-att-10150\"><img loading=\"lazy\" decoding=\"async\" class=\"alignleft size-medium wp-image-10150\" src=\"https:\/\/jusprev.org.br\/backup\/wp-content\/uploads\/2017\/11\/Reuni\u00e3o-Diretoria-1711-300x189.jpg\" alt=\"Reuni\u00e3o Diretoria 1711\" width=\"300\" height=\"189\" \/><\/a>JUSPREV realiza reuni\u00e3o conjunta em Curitiba<\/p>\n<p>Acontece neste momento, no Hotel Nomaa, em Curitiba, a reuni\u00e3o conjunta da Diretoria Executiva, Comit\u00ea de Investimentos e Conselho Fiscal da JUSPREV.<\/p>\n<p>Entre os assuntos abordados, a apresenta\u00e7\u00e3o da Rentabilidade do per\u00edodo de janeiro a novembro de 2017, a elabora\u00e7\u00e3o das Pol\u00edticas de Investimentos do PLANJUS e PGA para 2018, entre outros assuntos gerais de relev\u00e2ncia para a Entidade.<\/p>\n<p>Estiveram presentes os Diretores Executivos da JUSPREV, Presidente e membros do Comit\u00ea de Investimentos e membros do Conselho Fiscal. Tamb\u00e9m participaram os colaboradores da JUSPREV e representantes das Assets Icatu Vanguarda, Aditus e SulAm\u00e9rica.<\/p>\n","protected":false},"excerpt":{"rendered":"<p>JUSPREV realiza reuni\u00e3o conjunta em Curitiba Acontece neste momento, no Hotel Nomaa, em Curitiba, a reuni\u00e3o conjunta da Diretoria Executiva, Comit\u00ea de Investimentos e Conselho Fiscal da JUSPREV. Entre os&#8230;<\/p>\n","protected":false},"author":3,"featured_media":0,"comment_status":"closed","ping_status":"closed","sticky":false,"template":"","format":"standard","meta":{"footnotes":""},"categories":[31],"tags":[],"class_list":["post-10152","post","type-post","status-publish","format-standard","hentry","category-noticias"],"_links":{"self":[{"href":"https:\/\/jusprev.org.br\/backup\/wp-json\/wp\/v2\/posts\/10152","targetHints":{"allow":["GET"]}}],"collection":[{"href":"https:\/\/jusprev.org.br\/backup\/wp-json\/wp\/v2\/posts"}],"about":[{"href":"https:\/\/jusprev.org.br\/backup\/wp-json\/wp\/v2\/types\/post"}],"author":[{"embeddable":true,"href":"https:\/\/jusprev.org.br\/backup\/wp-json\/wp\/v2\/users\/3"}],"replies":[{"embeddable":true,"href":"https:\/\/jusprev.org.br\/backup\/wp-json\/wp\/v2\/comments?post=10152"}],"version-history":[{"count":0,"href":"https:\/\/jusprev.org.br\/backup\/wp-json\/wp\/v2\/posts\/10152\/revisions"}],"wp:attachment":[{"href":"https:\/\/jusprev.org.br\/backup\/wp-json\/wp\/v2\/media?parent=10152"}],"wp:term":[{"taxonomy":"category","embeddable":true,"href":"https:\/\/jusprev.org.br\/backup\/wp-json\/wp\/v2\/categories?post=10152"},{"taxonomy":"post_tag","embeddable":true,"href":"https:\/\/jusprev.org.br\/backup\/wp-json\/wp\/v2\/tags?post=10152"}],"curies":[{"name":"wp","href":"https:\/\/api.w.org\/{rel}","templated":true}]}}