{"id":10164,"date":"2017-11-29T10:52:10","date_gmt":"2017-11-29T12:52:10","guid":{"rendered":"https:\/\/jusprev.org.br\/backup\/?p=10164"},"modified":"2017-11-29T10:52:10","modified_gmt":"2017-11-29T12:52:10","slug":"novas-instituidoras-jusprev","status":"publish","type":"post","link":"https:\/\/jusprev.org.br\/backup\/novas-instituidoras-jusprev\/","title":{"rendered":"Novas Instituidoras JUSPREV"},"content":{"rendered":"<p><a href=\"https:\/\/jusprev.org.br\/backup\/?attachment_id=10165\" rel=\"attachment wp-att-10165\"><img loading=\"lazy\" decoding=\"async\" class=\"alignleft size-medium wp-image-10165\" src=\"https:\/\/jusprev.org.br\/backup\/wp-content\/uploads\/2017\/11\/Novas-Instituidoras-300x114.jpg\" alt=\"Novas Instituidoras\" width=\"300\" height=\"114\" \/><\/a>Ap\u00f3s criteriosa an\u00e1lise, a Superintend\u00eancia Nacional de Previd\u00eancia Complementar (PREVIC) deferiu a aprova\u00e7\u00e3o de mais duas novas Instituidoras da JUSPREV: a Associa\u00e7\u00e3o dos Defensores P\u00fablicos do Estado do Par\u00e1 (ADPEP) e a Associa\u00e7\u00e3o dos Magistrados da Justi\u00e7a do Trabalho da 8\u00aa Regi\u00e3o (AMATRA VIII). Desde 28 de novembro, ADPEP e AMATRA VIII se juntaram \u00e0s outras 57 associa\u00e7\u00f5es de carreiras p\u00fablicas que j\u00e1 compunham o Col\u00e9gio de Instituidoras, impo\u00acrtante \u00d3rg\u00e3o Colegiado da JUSPREV. Agora, o Col\u00e9gio de Instituidoras conta com 59 associa\u00e7\u00f5es. <\/p>\n<p>\u201cA JUSPREV d\u00e1 as boas-vindas \u00e0 ADPEP e \u00e0 AMATRA VIII, as mais recentes Instituidoras da JUSPREV. Aproveitamos para salientar que, at\u00e9 dezembro, as Instituidoras que aderirem \u00e0 JUSPREV n\u00e3o pagar\u00e3o as taxas de cria\u00e7\u00e3o e de ades\u00e3o. Nesse momento, estamos tendo in\u00fameros pedidos de ades\u00e3o \u2013 que ser\u00e3o submetidos \u00e0 an\u00e1lise da PREVIC para posterior aprova\u00e7\u00e3o. \u00c9 impo\u00acrtante a ades\u00e3o de novas instituidoras para fomentar ainda mais a Previd\u00eancia Complementar Associativa no Brasil\u201d, avalia Deborah Maggio, Gerente Geral da JUSPREV. <\/p>\n<p>Criada em 2007, por uma fort\u00ace rede de instituidoras, a JUSPREV \u00e9 a Previd\u00eancia Associativa do Minist\u00e9rio P\u00fablico, da Justi\u00e7a Brasileira e dos Auditores Fiscais da Receita Federal do Brasil. Foi pensada especialmente para atender \u00e0s necessidades dos membros de carreiras p\u00fablicas, inclusive dos j\u00e1 aposentados, e de seus familiares, desde os rec\u00e9m-nascidos. Tamb\u00e9m podem pa\u00acrticipar da JUSPREV pessoas pr\u00f3ximas, indicadas pelos associados titulares.<\/p>\n","protected":false},"excerpt":{"rendered":"<p>Ap\u00f3s criteriosa an\u00e1lise, a Superintend\u00eancia Nacional de Previd\u00eancia Complementar (PREVIC) deferiu a aprova\u00e7\u00e3o de mais duas novas Instituidoras da JUSPREV: a Associa\u00e7\u00e3o dos Defensores P\u00fablicos do Estado do Par\u00e1 (ADPEP)&#8230;<\/p>\n","protected":false},"author":3,"featured_media":0,"comment_status":"closed","ping_status":"closed","sticky":false,"template":"","format":"standard","meta":{"footnotes":""},"categories":[31],"tags":[],"class_list":["post-10164","post","type-post","status-publish","format-standard","hentry","category-noticias"],"_links":{"self":[{"href":"https:\/\/jusprev.org.br\/backup\/wp-json\/wp\/v2\/posts\/10164","targetHints":{"allow":["GET"]}}],"collection":[{"href":"https:\/\/jusprev.org.br\/backup\/wp-json\/wp\/v2\/posts"}],"about":[{"href":"https:\/\/jusprev.org.br\/backup\/wp-json\/wp\/v2\/types\/post"}],"author":[{"embeddable":true,"href":"https:\/\/jusprev.org.br\/backup\/wp-json\/wp\/v2\/users\/3"}],"replies":[{"embeddable":true,"href":"https:\/\/jusprev.org.br\/backup\/wp-json\/wp\/v2\/comments?post=10164"}],"version-history":[{"count":0,"href":"https:\/\/jusprev.org.br\/backup\/wp-json\/wp\/v2\/posts\/10164\/revisions"}],"wp:attachment":[{"href":"https:\/\/jusprev.org.br\/backup\/wp-json\/wp\/v2\/media?parent=10164"}],"wp:term":[{"taxonomy":"category","embeddable":true,"href":"https:\/\/jusprev.org.br\/backup\/wp-json\/wp\/v2\/categories?post=10164"},{"taxonomy":"post_tag","embeddable":true,"href":"https:\/\/jusprev.org.br\/backup\/wp-json\/wp\/v2\/tags?post=10164"}],"curies":[{"name":"wp","href":"https:\/\/api.w.org\/{rel}","templated":true}]}}