{"id":10196,"date":"2018-01-03T14:18:16","date_gmt":"2018-01-03T16:18:16","guid":{"rendered":"https:\/\/jusprev.org.br\/backup\/?p=10196"},"modified":"2018-01-03T14:18:16","modified_gmt":"2018-01-03T16:18:16","slug":"novos-valores-da-contribuicao-basica-para-2018","status":"publish","type":"post","link":"https:\/\/jusprev.org.br\/backup\/novos-valores-da-contribuicao-basica-para-2018\/","title":{"rendered":"Novos valores da contribui\u00e7\u00e3o b\u00e1sica para 2018"},"content":{"rendered":"<p>Os valores da contribui\u00e7\u00e3o b\u00e1sica ao PLANJUS foram reajustados para o ano de 2018. A altera\u00e7\u00e3o est\u00e1 prevista no artigo 9\u00ba do Regulamento do Plano de Benef\u00edcios e segue a varia\u00e7\u00e3o do \u00cdndice Nacional de Pre\u00e7os ao Consumidor, o INPC, calculado pela Funda\u00e7\u00e3o IBGE. O \u00edndice aplicado neste ano foi de 1,95%.<\/p>\n<p>Confira os novos valores, vigentes a partir de 1\u00b0 de janeiro de 2018:<\/p>\n<p><strong>Idade de 0 a 18 anos<\/strong> &#8211; R$ 85,37<\/p>\n<p><strong>Idade de 19 a 25 anos <\/strong>&#8211; R$ 170,75<\/p>\n<p><strong>Acima de 25 anos<\/strong> &#8211; R$ 341,52 <\/p>\n<p>Os participantes da JUSPREV podem alterar o  valor desta contribui\u00e7\u00e3o a cada seis meses, sempre respeitando o valor m\u00ednimo da faixa correspondente \u00e0 idade do participante. <\/p>\n<p>Para saber mais, entre em contato com o setor de Relacionamento com o Participante pelos telefones: 0800 052 3434 ou (41) 3252-3400. <\/p>\n","protected":false},"excerpt":{"rendered":"<p>Os valores da contribui\u00e7\u00e3o b\u00e1sica ao PLANJUS foram reajustados para o ano de 2018. A altera\u00e7\u00e3o est\u00e1 prevista no artigo 9\u00ba do Regulamento do Plano de Benef\u00edcios e segue a&#8230;<\/p>\n","protected":false},"author":3,"featured_media":0,"comment_status":"closed","ping_status":"closed","sticky":false,"template":"","format":"standard","meta":{"footnotes":""},"categories":[31],"tags":[43,44,45],"class_list":["post-10196","post","type-post","status-publish","format-standard","hentry","category-noticias","tag-contribuicao-basica","tag-jusprev","tag-valores"],"_links":{"self":[{"href":"https:\/\/jusprev.org.br\/backup\/wp-json\/wp\/v2\/posts\/10196","targetHints":{"allow":["GET"]}}],"collection":[{"href":"https:\/\/jusprev.org.br\/backup\/wp-json\/wp\/v2\/posts"}],"about":[{"href":"https:\/\/jusprev.org.br\/backup\/wp-json\/wp\/v2\/types\/post"}],"author":[{"embeddable":true,"href":"https:\/\/jusprev.org.br\/backup\/wp-json\/wp\/v2\/users\/3"}],"replies":[{"embeddable":true,"href":"https:\/\/jusprev.org.br\/backup\/wp-json\/wp\/v2\/comments?post=10196"}],"version-history":[{"count":0,"href":"https:\/\/jusprev.org.br\/backup\/wp-json\/wp\/v2\/posts\/10196\/revisions"}],"wp:attachment":[{"href":"https:\/\/jusprev.org.br\/backup\/wp-json\/wp\/v2\/media?parent=10196"}],"wp:term":[{"taxonomy":"category","embeddable":true,"href":"https:\/\/jusprev.org.br\/backup\/wp-json\/wp\/v2\/categories?post=10196"},{"taxonomy":"post_tag","embeddable":true,"href":"https:\/\/jusprev.org.br\/backup\/wp-json\/wp\/v2\/tags?post=10196"}],"curies":[{"name":"wp","href":"https:\/\/api.w.org\/{rel}","templated":true}]}}