{"id":10216,"date":"2018-01-19T14:02:37","date_gmt":"2018-01-19T16:02:37","guid":{"rendered":"https:\/\/jusprev.org.br\/backup\/?p=10216"},"modified":"2018-01-19T14:02:37","modified_gmt":"2018-01-19T16:02:37","slug":"jusprev-entrega-trofeu-em-reconhecimento-a-parceria-com-a-amapar-e-apmppr","status":"publish","type":"post","link":"https:\/\/jusprev.org.br\/backup\/jusprev-entrega-trofeu-em-reconhecimento-a-parceria-com-a-amapar-e-apmppr\/","title":{"rendered":"JUSPREV entrega trof\u00e9u em reconhecimento \u00e0 parceria com a AMAPAR e APMPPR"},"content":{"rendered":"<p>Para reconhecer a parceria com a Associa\u00e7\u00e3o dos Magistrados do Paran\u00e1 (AMAPAR) e Associa\u00e7\u00e3o Paranaense do Minist\u00e9rio P\u00fablico (APMPPR),  a JUSPREV entregou nesta semana o trof\u00e9u de 10 anos da Entidade, criado para celebrar os resultados conquistados pela previd\u00eancia associativa e suas associa\u00e7\u00f5es instituidoras nesta primeira d\u00e9cada, desde a funda\u00e7\u00e3o em 2007. Todas as instituidoras ir\u00e3o receber o reconhecimento da JUSPREV.  <\/p>\n<p>Na AMAPAR, a gerente da JUSPREV, Deborah Traldi Maggio, e o consultor da Entidade, Alexandre dos Santos, foram recebidos pelo presidente Frederico Mendes Junior e o juiz Geraldo Dutra de Andrade Neto, futuro mandat\u00e1rio da entidade. Tamb\u00e9m estiveram presentes o atual diretor da Escola de Magistratura do Paran\u00e1 (EMAP), Jos\u00e9 Laurindo de Souza Netto, al\u00e9m do magistrado Sidnei Dal Moro.  Na APMPPR, o trof\u00e9u foi recebido pelo presidente da entidade de classe, Cl\u00e1udio Franco Felix. <\/p>\n<p>10 anos e crescimento &#8211; Atualmente a JUSPREV conta com 60 associa\u00e7\u00f5es instituidoras em todo o pa\u00eds. Administra um patrim\u00f4nio de mais de R$ 183 milh\u00f5es e possui cerca de 3 mil participantes. Segundo a Associa\u00e7\u00e3o Brasileira das Entidades Fechadas de Previd\u00eancia Complementar (ABRAPP), a JUSPREV ocupa a 7\u00aa posi\u00e7\u00e3o no ranking dos fundos de pens\u00e3o institu\u00eddos no Brasil.<br \/>\n<div id=\"attachment_10230\" style=\"width: 563px\" class=\"wp-caption alignleft\"><img loading=\"lazy\" decoding=\"async\" aria-describedby=\"caption-attachment-10230\" src=\"https:\/\/jusprev.org.br\/backup\/wp-content\/uploads\/2018\/01\/foto_AMAPAR.jpg\" alt=\"Entrega do trof\u00e9u na sede da AMAPAR, em Curitiba. (Foto: Comunica\u00e7\u00e3o AMAPAR)\" width=\"553\" height=\"429\" class=\"size-full wp-image-10230\" \/><p id=\"caption-attachment-10230\" class=\"wp-caption-text\">Entrega do trof\u00e9u na sede da AMAPAR, em Curitiba. (Foto: Comunica\u00e7\u00e3o AMAPAR)<\/p><\/div><\/p>\n<p><em><em> * Comunica\u00e7\u00e3o JUSPREV, com informa\u00e7\u00f5es da AMAPAR.<\/em><\/em><\/p>\n","protected":false},"excerpt":{"rendered":"<p>Para reconhecer a parceria com a Associa\u00e7\u00e3o dos Magistrados do Paran\u00e1 (AMAPAR) e Associa\u00e7\u00e3o Paranaense do Minist\u00e9rio P\u00fablico (APMPPR), a JUSPREV entregou nesta semana o trof\u00e9u de 10 anos da&#8230;<\/p>\n","protected":false},"author":3,"featured_media":0,"comment_status":"closed","ping_status":"closed","sticky":false,"template":"","format":"standard","meta":{"footnotes":""},"categories":[31],"tags":[],"class_list":["post-10216","post","type-post","status-publish","format-standard","hentry","category-noticias"],"_links":{"self":[{"href":"https:\/\/jusprev.org.br\/backup\/wp-json\/wp\/v2\/posts\/10216","targetHints":{"allow":["GET"]}}],"collection":[{"href":"https:\/\/jusprev.org.br\/backup\/wp-json\/wp\/v2\/posts"}],"about":[{"href":"https:\/\/jusprev.org.br\/backup\/wp-json\/wp\/v2\/types\/post"}],"author":[{"embeddable":true,"href":"https:\/\/jusprev.org.br\/backup\/wp-json\/wp\/v2\/users\/3"}],"replies":[{"embeddable":true,"href":"https:\/\/jusprev.org.br\/backup\/wp-json\/wp\/v2\/comments?post=10216"}],"version-history":[{"count":0,"href":"https:\/\/jusprev.org.br\/backup\/wp-json\/wp\/v2\/posts\/10216\/revisions"}],"wp:attachment":[{"href":"https:\/\/jusprev.org.br\/backup\/wp-json\/wp\/v2\/media?parent=10216"}],"wp:term":[{"taxonomy":"category","embeddable":true,"href":"https:\/\/jusprev.org.br\/backup\/wp-json\/wp\/v2\/categories?post=10216"},{"taxonomy":"post_tag","embeddable":true,"href":"https:\/\/jusprev.org.br\/backup\/wp-json\/wp\/v2\/tags?post=10216"}],"curies":[{"name":"wp","href":"https:\/\/api.w.org\/{rel}","templated":true}]}}