{"id":10242,"date":"2018-01-25T16:10:54","date_gmt":"2018-01-25T18:10:54","guid":{"rendered":"https:\/\/jusprev.org.br\/backup\/?p=10242"},"modified":"2018-01-25T16:10:54","modified_gmt":"2018-01-25T18:10:54","slug":"jusprev-recebe-o-presidente-da-associacao-cearense-de-magistrados-em-curiitiba","status":"publish","type":"post","link":"https:\/\/jusprev.org.br\/backup\/jusprev-recebe-o-presidente-da-associacao-cearense-de-magistrados-em-curiitiba\/","title":{"rendered":"JUSPREV recebe o Presidente da Associa\u00e7\u00e3o Cearense de Magistrados em Curiitiba"},"content":{"rendered":"<div id=\"attachment_10249\" style=\"width: 310px\" class=\"wp-caption alignleft\"><img loading=\"lazy\" decoding=\"async\" aria-describedby=\"caption-attachment-10249\" src=\"https:\/\/jusprev.org.br\/backup\/wp-content\/uploads\/2018\/01\/20180125_112540-300x169.jpg\" alt=\"Ricardo Alexandre Costa, presidente da ACM, foi recebido pela gerente da JUSPREV, Deborah Maggio\" width=\"300\" height=\"169\" class=\"size-medium wp-image-10249\" \/><p id=\"caption-attachment-10249\" class=\"wp-caption-text\">Ricardo Alexandre Costa, presidente da ACM, foi recebido pela gerente da JUSPREV, Deborah Maggio<\/p><\/div>\n<p>Na manh\u00e3 desta quinta-feira (25), o presidente da Associa\u00e7\u00e3o Cearense de Magistrados (ACM), Ricardo Alexandre Costa, visitou a sede da JUSPREV, localizada em Curitiba (PR). A entidade de classe integrar\u00e1 o Col\u00e9gio de Instituidoras da JUSPREV, que j\u00e1 conta com 60 institui\u00e7\u00f5es de carreiras jur\u00eddicas e de auditores fiscais do Brasil.<\/p>\n<p>O processo de ades\u00e3o da ACM j\u00e1 est\u00e1 em andamento e os documentos est\u00e3o em an\u00e1lise da Superintend\u00eancia Nacional de Previd\u00eancia Complementar (PREVIC). <\/p>\n<p>\u201cA JUSPREV \u00e9 uma previd\u00eancia diferente das demais que est\u00e3o no mercado e traz muito mais benef\u00edcios. \u00c9 um passo essencial que n\u00f3s, da ACM, damos para nossos associados, em especial para aqueles que est\u00e3o h\u00e1 menos tempo no judici\u00e1rio\u201d, destacou Ricardo Costa. <\/p>\n<p>Ricardo foi recebido pela gerente da JUSPREV, Deborah Traldi Maggio. \u201c\u00c9 uma honra para n\u00f3s termos a ACM na condi\u00e7\u00e3o de instituidora da JUSPREV. Os magistrados poder\u00e3o contar com nossa equipe e terem todo o apoio necess\u00e1rio para conhecerem a previd\u00eancia, tirarem d\u00favidas e aderirem ao PLANJUS, que \u00e9 o plano previdenci\u00e1rio administrado pela Entidade\u201d, disse Deborah.   <\/p>\n","protected":false},"excerpt":{"rendered":"<p>Na manh\u00e3 desta quinta-feira (25), o presidente da Associa\u00e7\u00e3o Cearense de Magistrados (ACM), Ricardo Alexandre Costa, visitou a sede da JUSPREV, localizada em Curitiba (PR). A entidade de classe integrar\u00e1&#8230;<\/p>\n","protected":false},"author":3,"featured_media":0,"comment_status":"closed","ping_status":"closed","sticky":false,"template":"","format":"standard","meta":{"footnotes":""},"categories":[31],"tags":[],"class_list":["post-10242","post","type-post","status-publish","format-standard","hentry","category-noticias"],"_links":{"self":[{"href":"https:\/\/jusprev.org.br\/backup\/wp-json\/wp\/v2\/posts\/10242","targetHints":{"allow":["GET"]}}],"collection":[{"href":"https:\/\/jusprev.org.br\/backup\/wp-json\/wp\/v2\/posts"}],"about":[{"href":"https:\/\/jusprev.org.br\/backup\/wp-json\/wp\/v2\/types\/post"}],"author":[{"embeddable":true,"href":"https:\/\/jusprev.org.br\/backup\/wp-json\/wp\/v2\/users\/3"}],"replies":[{"embeddable":true,"href":"https:\/\/jusprev.org.br\/backup\/wp-json\/wp\/v2\/comments?post=10242"}],"version-history":[{"count":0,"href":"https:\/\/jusprev.org.br\/backup\/wp-json\/wp\/v2\/posts\/10242\/revisions"}],"wp:attachment":[{"href":"https:\/\/jusprev.org.br\/backup\/wp-json\/wp\/v2\/media?parent=10242"}],"wp:term":[{"taxonomy":"category","embeddable":true,"href":"https:\/\/jusprev.org.br\/backup\/wp-json\/wp\/v2\/categories?post=10242"},{"taxonomy":"post_tag","embeddable":true,"href":"https:\/\/jusprev.org.br\/backup\/wp-json\/wp\/v2\/tags?post=10242"}],"curies":[{"name":"wp","href":"https:\/\/api.w.org\/{rel}","templated":true}]}}