{"id":10265,"date":"2018-01-31T18:01:30","date_gmt":"2018-01-31T20:01:30","guid":{"rendered":"https:\/\/jusprev.org.br\/backup\/?p=10265"},"modified":"2018-01-31T18:01:30","modified_gmt":"2018-01-31T20:01:30","slug":"confira-o-informativo-da-jusprev-do-mes-de-janeiro","status":"publish","type":"post","link":"https:\/\/jusprev.org.br\/backup\/confira-o-informativo-da-jusprev-do-mes-de-janeiro\/","title":{"rendered":"Confira o informativo da JUSPREV do m\u00eas de janeiro"},"content":{"rendered":"<p>Veja tudo o que aconteceu em janeiro na JUSPREV e o primeiro artigo do ano sobre educa\u00e7\u00e3o financeira com a especialista em finan\u00e7as, professora Myrian Lund. O tema \u00e9 &#8220;Como envolver a fam\u00edlia no planejamento financeiro anual&#8221;.<\/p>\n<p><a href=\"https:\/\/jusprev.org.br\/backup\/wp-content\/uploads\/2012\/05\/Informativo89janeiro2018.pdf.pdf\" target=\"_blank\"><img loading=\"lazy\" decoding=\"async\" src=\"https:\/\/jusprev.org.br\/backup\/wp-content\/uploads\/2018\/01\/capa_janeiro2-1-1024x734.jpg\" alt=\"capa_janeiro2\" width=\"926\" height=\"664\" class=\"alignleft size-large wp-image-10267\" \/><\/a><\/p>\n","protected":false},"excerpt":{"rendered":"<p>Veja tudo o que aconteceu em janeiro na JUSPREV e o primeiro artigo do ano sobre educa\u00e7\u00e3o financeira com a especialista em finan\u00e7as, professora Myrian Lund. O tema \u00e9 &#8220;Como&#8230;<\/p>\n","protected":false},"author":3,"featured_media":0,"comment_status":"closed","ping_status":"closed","sticky":false,"template":"","format":"standard","meta":{"footnotes":""},"categories":[31],"tags":[],"class_list":["post-10265","post","type-post","status-publish","format-standard","hentry","category-noticias"],"_links":{"self":[{"href":"https:\/\/jusprev.org.br\/backup\/wp-json\/wp\/v2\/posts\/10265","targetHints":{"allow":["GET"]}}],"collection":[{"href":"https:\/\/jusprev.org.br\/backup\/wp-json\/wp\/v2\/posts"}],"about":[{"href":"https:\/\/jusprev.org.br\/backup\/wp-json\/wp\/v2\/types\/post"}],"author":[{"embeddable":true,"href":"https:\/\/jusprev.org.br\/backup\/wp-json\/wp\/v2\/users\/3"}],"replies":[{"embeddable":true,"href":"https:\/\/jusprev.org.br\/backup\/wp-json\/wp\/v2\/comments?post=10265"}],"version-history":[{"count":0,"href":"https:\/\/jusprev.org.br\/backup\/wp-json\/wp\/v2\/posts\/10265\/revisions"}],"wp:attachment":[{"href":"https:\/\/jusprev.org.br\/backup\/wp-json\/wp\/v2\/media?parent=10265"}],"wp:term":[{"taxonomy":"category","embeddable":true,"href":"https:\/\/jusprev.org.br\/backup\/wp-json\/wp\/v2\/categories?post=10265"},{"taxonomy":"post_tag","embeddable":true,"href":"https:\/\/jusprev.org.br\/backup\/wp-json\/wp\/v2\/tags?post=10265"}],"curies":[{"name":"wp","href":"https:\/\/api.w.org\/{rel}","templated":true}]}}