{"id":10276,"date":"2018-02-09T11:33:06","date_gmt":"2018-02-09T13:33:06","guid":{"rendered":"https:\/\/jusprev.org.br\/backup\/?p=10276"},"modified":"2018-02-09T11:33:06","modified_gmt":"2018-02-09T13:33:06","slug":"jusprev-visita-sede-do-sicoob-coomperj-no-rio-de-janeiro","status":"publish","type":"post","link":"https:\/\/jusprev.org.br\/backup\/jusprev-visita-sede-do-sicoob-coomperj-no-rio-de-janeiro\/","title":{"rendered":"JUSPREV visita sede do Sicoob Coomperj, no Rio de Janeiro"},"content":{"rendered":"<p>Nesta semana, associados do Sicoob Coomperj &#8211; Cooperativa de Economia e Cr\u00e9dito M\u00fatuo dos Integrantes do Minist\u00e9rio P\u00fablico e da Defensoria P\u00fablica no Estado do Rio de Janeiro, puderam conhecer mais sobre a JUSPREV e seus benef\u00edcios. A gerente da JUSPREV, Deborah Maggio, esteve presente na sede da cooperativa e explicou como funciona o plano previdenci\u00e1rio da Entidade, o PLANJUS. <\/p>\n<p>Durante a visita, o Presidente do Conselho Deliberativo da JUSPREV, Luiz Ant\u00f4nio Ferreira de Ara\u00fajo e o Vice-Presidente, Virgilio Panagiotis Stavridis, receberam uma homenagem especial da Entidade. Foi entregue em m\u00e3os o livro comemorativo aos 10 anos da JUSPREV e o tr\u00f3feu em reconhecimento \u00e0 dedica\u00e7\u00e3o dos membros do Conselho na constru\u00e7\u00e3o da hist\u00f3ria da institui\u00e7\u00e3o.<\/p>\n<p>Atualmente a JUSPREV ocupa a 7\u00aa posi\u00e7\u00e3o no ranking dos fundos de pens\u00e3o institu\u00eddos no Brasil e administra um patrim\u00f4nio de mais de 183 milh\u00f5es. Possui cerca de 3 mil participantes de carreiras jur\u00eddicas e de auditoria fiscal de todo o pa\u00eds. <\/p>\n<p><img loading=\"lazy\" decoding=\"async\" src=\"https:\/\/jusprev.org.br\/backup\/wp-content\/uploads\/2018\/02\/IMG-20180208-WA0001-1-300x225.jpg\" alt=\"IMG-20180208-WA0001\" width=\"300\" height=\"225\" class=\"aligncenter size-medium wp-image-10279\" \/><\/p>\n<p><em>Na foto, da esquerda para a direita, o Presidente do Conselho Deliberativo da JUSPREV, Luiz Ant\u00f4nio Ferreira de Ara\u00fajo, a gerente da JUSPREV, Deborah Maggio, a especialista em finan\u00e7as, professora Myrian Lund, a Diretora Administrativo-Financeira do Sicoob Coomperj, Mary Virginia Northrup e o Vice-Presidente do Conselho Deliberativo da JUSPREV, Virgilio Panagiotis Stavridis. <\/em><\/p>\n","protected":false},"excerpt":{"rendered":"<p>Nesta semana, associados do Sicoob Coomperj &#8211; Cooperativa de Economia e Cr\u00e9dito M\u00fatuo dos Integrantes do Minist\u00e9rio P\u00fablico e da Defensoria P\u00fablica no Estado do Rio de Janeiro, puderam conhecer&#8230;<\/p>\n","protected":false},"author":3,"featured_media":0,"comment_status":"closed","ping_status":"closed","sticky":false,"template":"","format":"standard","meta":{"footnotes":""},"categories":[31],"tags":[],"class_list":["post-10276","post","type-post","status-publish","format-standard","hentry","category-noticias"],"_links":{"self":[{"href":"https:\/\/jusprev.org.br\/backup\/wp-json\/wp\/v2\/posts\/10276","targetHints":{"allow":["GET"]}}],"collection":[{"href":"https:\/\/jusprev.org.br\/backup\/wp-json\/wp\/v2\/posts"}],"about":[{"href":"https:\/\/jusprev.org.br\/backup\/wp-json\/wp\/v2\/types\/post"}],"author":[{"embeddable":true,"href":"https:\/\/jusprev.org.br\/backup\/wp-json\/wp\/v2\/users\/3"}],"replies":[{"embeddable":true,"href":"https:\/\/jusprev.org.br\/backup\/wp-json\/wp\/v2\/comments?post=10276"}],"version-history":[{"count":0,"href":"https:\/\/jusprev.org.br\/backup\/wp-json\/wp\/v2\/posts\/10276\/revisions"}],"wp:attachment":[{"href":"https:\/\/jusprev.org.br\/backup\/wp-json\/wp\/v2\/media?parent=10276"}],"wp:term":[{"taxonomy":"category","embeddable":true,"href":"https:\/\/jusprev.org.br\/backup\/wp-json\/wp\/v2\/categories?post=10276"},{"taxonomy":"post_tag","embeddable":true,"href":"https:\/\/jusprev.org.br\/backup\/wp-json\/wp\/v2\/tags?post=10276"}],"curies":[{"name":"wp","href":"https:\/\/api.w.org\/{rel}","templated":true}]}}