{"id":10345,"date":"2018-02-22T09:20:35","date_gmt":"2018-02-22T12:20:35","guid":{"rendered":"https:\/\/jusprev.org.br\/backup\/?p=10345"},"modified":"2018-02-22T09:20:35","modified_gmt":"2018-02-22T12:20:35","slug":"jusprev-nas-redes-sociais","status":"publish","type":"post","link":"https:\/\/jusprev.org.br\/backup\/jusprev-nas-redes-sociais\/","title":{"rendered":"JUSPREV nas redes sociais"},"content":{"rendered":"<p>J\u00e1 conhece a p\u00e1gina da JUSPREV no Facebook?\u00a0A p\u00e1gina \u00e9\u00a0atualizada para trazer informa\u00e7\u00f5es para os participantes, assistidos e associa\u00e7\u00f5es instituidoras da Entidade. Al\u00e9m do Facebook, a JUSPREV tamb\u00e9m est\u00e1 presente no Linkedin. Confira abaixo as nossas p\u00e1ginas e acompanhe as novidades da Entidade.<br \/>\n<strong><br \/>\n<a href=\"https:\/\/www.facebook.com\/jusprev\/\">Facebook<\/a><\/strong><\/p>\n<p><strong><a href=\"https:\/\/www.linkedin.com\/company\/jusprev\/\">Linkedin<\/a><\/strong><\/p>\n<p><img loading=\"lazy\" decoding=\"async\" src=\"https:\/\/jusprev.org.br\/backup\/wp-content\/uploads\/2018\/02\/15665765_916937828407773_1299386574051568116_n-2-300x111.jpg\" alt=\"15665765_916937828407773_1299386574051568116_n\" width=\"300\" height=\"111\" class=\"aligncenter size-medium wp-image-10351\" \/><\/p>\n","protected":false},"excerpt":{"rendered":"<p>J\u00e1 conhece a p\u00e1gina da JUSPREV no Facebook?\u00a0A p\u00e1gina \u00e9\u00a0atualizada para trazer informa\u00e7\u00f5es para os participantes, assistidos e associa\u00e7\u00f5es instituidoras da Entidade. Al\u00e9m do Facebook, a JUSPREV tamb\u00e9m est\u00e1 presente&#8230;<\/p>\n","protected":false},"author":3,"featured_media":0,"comment_status":"closed","ping_status":"closed","sticky":false,"template":"","format":"standard","meta":{"footnotes":""},"categories":[31],"tags":[],"class_list":["post-10345","post","type-post","status-publish","format-standard","hentry","category-noticias"],"_links":{"self":[{"href":"https:\/\/jusprev.org.br\/backup\/wp-json\/wp\/v2\/posts\/10345","targetHints":{"allow":["GET"]}}],"collection":[{"href":"https:\/\/jusprev.org.br\/backup\/wp-json\/wp\/v2\/posts"}],"about":[{"href":"https:\/\/jusprev.org.br\/backup\/wp-json\/wp\/v2\/types\/post"}],"author":[{"embeddable":true,"href":"https:\/\/jusprev.org.br\/backup\/wp-json\/wp\/v2\/users\/3"}],"replies":[{"embeddable":true,"href":"https:\/\/jusprev.org.br\/backup\/wp-json\/wp\/v2\/comments?post=10345"}],"version-history":[{"count":0,"href":"https:\/\/jusprev.org.br\/backup\/wp-json\/wp\/v2\/posts\/10345\/revisions"}],"wp:attachment":[{"href":"https:\/\/jusprev.org.br\/backup\/wp-json\/wp\/v2\/media?parent=10345"}],"wp:term":[{"taxonomy":"category","embeddable":true,"href":"https:\/\/jusprev.org.br\/backup\/wp-json\/wp\/v2\/categories?post=10345"},{"taxonomy":"post_tag","embeddable":true,"href":"https:\/\/jusprev.org.br\/backup\/wp-json\/wp\/v2\/tags?post=10345"}],"curies":[{"name":"wp","href":"https:\/\/api.w.org\/{rel}","templated":true}]}}