{"id":10388,"date":"2018-03-05T15:01:32","date_gmt":"2018-03-05T18:01:32","guid":{"rendered":"https:\/\/jusprev.org.br\/backup\/?p=10388"},"modified":"2018-03-05T15:01:32","modified_gmt":"2018-03-05T18:01:32","slug":"jusprev-presente-na-associacao-do-ministerio-publico-da-bahia","status":"publish","type":"post","link":"https:\/\/jusprev.org.br\/backup\/jusprev-presente-na-associacao-do-ministerio-publico-da-bahia\/","title":{"rendered":"JUSPREV presente na Associa\u00e7\u00e3o do Minist\u00e9rio P\u00fablico da Bahia"},"content":{"rendered":"<p>Na \u00faltima semana, a JUSPREV esteve presente na Associa\u00e7\u00e3o do Minist\u00e9rio P\u00fablico do Estado da Bahia (AMPEB). Na ocasi\u00e3o, um dos consultores da Entidade, Alexandre dos Santos, se reuniu com o Vice-presidente em exerc\u00edcio da AMPEB, Dr. Millen Castro Medeiros de Moura. Al\u00e9m de apresentar o PLANJUS, que \u00e9 o plano de benef\u00edcios previdenci\u00e1rios da JUSPREV, Alexandre entregou o livro e trof\u00e9u em comemora\u00e7\u00e3o aos 10 anos da Previd\u00eancia Associativa do Minist\u00e9rio P\u00fablico, da Justi\u00e7a Brasileira e dos Auditores Fiscais da Receita Federal do Brasil. A lembran\u00e7a est\u00e1 sendo entregue para todas as Associa\u00e7\u00f5es Instituidoras da JUSPREV em homenagem a confian\u00e7a e apoio na entidade nesta primeira d\u00e9cada.<\/p>\n<p>Em dez anos, a JUSPREV alcan\u00e7ou um n\u00famero expressivo em patrim\u00f4nio administrado. S\u00e3o mais de 186 milh\u00f5es. J\u00e1 fazem parte da Entidade cerca de tr\u00eas mil participantes de Carreiras Jur\u00eddicas e de Auditoria Fiscal de todo o Brasil. O Col\u00e9gio de Instituidoras da Entidade \u00e9 formado por 60 Associa\u00e7\u00f5es de Classe. <\/p>\n<div id=\"attachment_10394\" style=\"width: 310px\" class=\"wp-caption alignleft\"><img loading=\"lazy\" decoding=\"async\" aria-describedby=\"caption-attachment-10394\" src=\"https:\/\/jusprev.org.br\/backup\/wp-content\/uploads\/2018\/03\/1f01cc2b-3cfb-44e2-af4f-1c82423bda14-2-300x225.jpg\" alt=\"Da esquerda para a direita, Dr. Millen Castro Medeiros de Moura, vice- presidente da AMPEB e Alexandre dos Santos, consultor da JUSPREV\" width=\"300\" height=\"225\" class=\"size-medium wp-image-10394\" \/><p id=\"caption-attachment-10394\" class=\"wp-caption-text\">Da esquerda para a direita, Dr. Millen Castro Medeiros de Moura, vice- presidente da AMPEB e Alexandre dos Santos, consultor da JUSPREV<\/p><\/div>\n","protected":false},"excerpt":{"rendered":"<p>Na \u00faltima semana, a JUSPREV esteve presente na Associa\u00e7\u00e3o do Minist\u00e9rio P\u00fablico do Estado da Bahia (AMPEB). Na ocasi\u00e3o, um dos consultores da Entidade, Alexandre dos Santos, se reuniu com&#8230;<\/p>\n","protected":false},"author":3,"featured_media":0,"comment_status":"closed","ping_status":"closed","sticky":false,"template":"","format":"standard","meta":{"footnotes":""},"categories":[31],"tags":[],"class_list":["post-10388","post","type-post","status-publish","format-standard","hentry","category-noticias"],"_links":{"self":[{"href":"https:\/\/jusprev.org.br\/backup\/wp-json\/wp\/v2\/posts\/10388","targetHints":{"allow":["GET"]}}],"collection":[{"href":"https:\/\/jusprev.org.br\/backup\/wp-json\/wp\/v2\/posts"}],"about":[{"href":"https:\/\/jusprev.org.br\/backup\/wp-json\/wp\/v2\/types\/post"}],"author":[{"embeddable":true,"href":"https:\/\/jusprev.org.br\/backup\/wp-json\/wp\/v2\/users\/3"}],"replies":[{"embeddable":true,"href":"https:\/\/jusprev.org.br\/backup\/wp-json\/wp\/v2\/comments?post=10388"}],"version-history":[{"count":0,"href":"https:\/\/jusprev.org.br\/backup\/wp-json\/wp\/v2\/posts\/10388\/revisions"}],"wp:attachment":[{"href":"https:\/\/jusprev.org.br\/backup\/wp-json\/wp\/v2\/media?parent=10388"}],"wp:term":[{"taxonomy":"category","embeddable":true,"href":"https:\/\/jusprev.org.br\/backup\/wp-json\/wp\/v2\/categories?post=10388"},{"taxonomy":"post_tag","embeddable":true,"href":"https:\/\/jusprev.org.br\/backup\/wp-json\/wp\/v2\/tags?post=10388"}],"curies":[{"name":"wp","href":"https:\/\/api.w.org\/{rel}","templated":true}]}}