{"id":10397,"date":"2018-03-05T15:28:08","date_gmt":"2018-03-05T18:28:08","guid":{"rendered":"https:\/\/jusprev.org.br\/backup\/?p=10397"},"modified":"2018-03-05T15:28:08","modified_gmt":"2018-03-05T18:28:08","slug":"jusprev-e-apresentada-para-as-associacoes-amatra-5-e-amab-da-bahia","status":"publish","type":"post","link":"https:\/\/jusprev.org.br\/backup\/jusprev-e-apresentada-para-as-associacoes-amatra-5-e-amab-da-bahia\/","title":{"rendered":"AMATRA 5 e AMAB conhecem os benef\u00edcios da JUSPREV"},"content":{"rendered":"<p>O consultor da JUSPREV, Alexandre dos Santos, esteve presente na \u00faltima semana em duas Associa\u00e7\u00f5es de Classe do Estado da Bahia: Associa\u00e7\u00e3o dos Magistrados da Justi\u00e7a do Trabalho da 5\u00aa Regi\u00e3o (AMATRA 5) e Associa\u00e7\u00e3o dos Magistrados da Bahia (AMAB). Na AMATRA 5, Alexandre foi recebido pela Presidente da institui\u00e7\u00e3o, Dra. Ang\u00e9lica de Mello Ferreira. Na ocasi\u00e3o foram apresentados os benef\u00edcios do PLANJUS, o plano de benef\u00edcios previdenci\u00e1rios da JUSPREV.<\/p>\n<p>A JUSPREV tamb\u00e9m foi apresentada para a Associa\u00e7\u00e3o dos Magistrados da Bahia. Alexandre foi recebido pela presidente da AMAB, Dra Elbia Ara\u00fajo. Em dez anos de funcionamento, a JUSPREV alcan\u00e7ou um n\u00famero expressivo em patrim\u00f4nio administrado. S\u00e3o mais de 186 milh\u00f5es. J\u00e1 fazem parte da Entidade cerca de tr\u00eas mil participantes de Carreiras Jur\u00eddicas e de Auditoria Fiscal de todo o Brasil. A previd\u00eancia conta com o apoio de 60 Associa\u00e7\u00f5es de Classe, que comp\u00f5em o Col\u00e9gio de Instituidoras da JUSPREV.<\/p>\n<p>Conhe\u00e7a todas as <a href=\"https:\/\/jusprev.org.br\/backup\/?page_id=733\" target=\"_blank\">instituidoras<\/a> da Entidade. <\/p>\n","protected":false},"excerpt":{"rendered":"<p>O consultor da JUSPREV, Alexandre dos Santos, esteve presente na \u00faltima semana em duas Associa\u00e7\u00f5es de Classe do Estado da Bahia: Associa\u00e7\u00e3o dos Magistrados da Justi\u00e7a do Trabalho da 5\u00aa&#8230;<\/p>\n","protected":false},"author":3,"featured_media":0,"comment_status":"closed","ping_status":"closed","sticky":false,"template":"","format":"standard","meta":{"footnotes":""},"categories":[31],"tags":[],"class_list":["post-10397","post","type-post","status-publish","format-standard","hentry","category-noticias"],"_links":{"self":[{"href":"https:\/\/jusprev.org.br\/backup\/wp-json\/wp\/v2\/posts\/10397","targetHints":{"allow":["GET"]}}],"collection":[{"href":"https:\/\/jusprev.org.br\/backup\/wp-json\/wp\/v2\/posts"}],"about":[{"href":"https:\/\/jusprev.org.br\/backup\/wp-json\/wp\/v2\/types\/post"}],"author":[{"embeddable":true,"href":"https:\/\/jusprev.org.br\/backup\/wp-json\/wp\/v2\/users\/3"}],"replies":[{"embeddable":true,"href":"https:\/\/jusprev.org.br\/backup\/wp-json\/wp\/v2\/comments?post=10397"}],"version-history":[{"count":0,"href":"https:\/\/jusprev.org.br\/backup\/wp-json\/wp\/v2\/posts\/10397\/revisions"}],"wp:attachment":[{"href":"https:\/\/jusprev.org.br\/backup\/wp-json\/wp\/v2\/media?parent=10397"}],"wp:term":[{"taxonomy":"category","embeddable":true,"href":"https:\/\/jusprev.org.br\/backup\/wp-json\/wp\/v2\/categories?post=10397"},{"taxonomy":"post_tag","embeddable":true,"href":"https:\/\/jusprev.org.br\/backup\/wp-json\/wp\/v2\/tags?post=10397"}],"curies":[{"name":"wp","href":"https:\/\/api.w.org\/{rel}","templated":true}]}}