{"id":10401,"date":"2018-03-05T15:56:21","date_gmt":"2018-03-05T18:56:21","guid":{"rendered":"https:\/\/jusprev.org.br\/backup\/?p=10401"},"modified":"2018-03-05T15:56:21","modified_gmt":"2018-03-05T18:56:21","slug":"jusprev-e-apresentada-na-defensoria-publica-do-estado-do-parana","status":"publish","type":"post","link":"https:\/\/jusprev.org.br\/backup\/jusprev-e-apresentada-na-defensoria-publica-do-estado-do-parana\/","title":{"rendered":"JUSPREV \u00e9 apresentada na Defensoria P\u00fablica do Estado do Paran\u00e1"},"content":{"rendered":"<p><img loading=\"lazy\" decoding=\"async\" src=\"https:\/\/jusprev.org.br\/backup\/wp-content\/uploads\/2018\/03\/551172_460639287309259_1270761324_n-300x300.jpg\" alt=\"551172_460639287309259_1270761324_n\" width=\"300\" height=\"300\" class=\"alignleft size-medium wp-image-10402\" \/>Com o objetivo de apresentar a JUSPREV aos Defensores P\u00fablicos do Estado do Paran\u00e1, a gerente da Entidade, Deborah Maggio, esteve presente na sede da Defensoria P\u00fablica no \u00faltimo s\u00e1bado, dia 03. Na ocasi\u00e3o, Deborah falou sobre os principais benef\u00edcios oferecidos pela JUSPREV e a import\u00e2ncia de aderir uma previd\u00eancia para garantir um futuro com seguran\u00e7a e tranquilidade. <\/p>\n<p>A JUSPREV \u00e9 atualmente a maior uni\u00e3o formal de Associa\u00e7\u00e3o de Carreiras P\u00fablicas do pa\u00eds. A Entidade conta com 60 Associa\u00e7\u00f5es de Classe em seu Col\u00e9gio de Instituidoras. Em dez anos de funcionamento, a JUSPREV j\u00e1 administra um patrim\u00f4nio de mais de 186 milh\u00f5es e tem cerca de tr\u00eas mil participantes em todo o pa\u00eds. A Entidade nasceu da uni\u00e3o das associa\u00e7\u00f5es de classe para oferecer um benef\u00edcio aos seus associados, conferindo seguran\u00e7a para todos os momentos. <\/p>\n<p>O (a) participante pode contratar quatro benef\u00edcios na JUSPREV: Renda Mensal Programada, Renda Mensal por Morte, Renda Mensal por Invalidez e Renda Mensal Educacional. <a href=\"https:\/\/jusprev.org.br\/backup\/?page_id=719\">Saiba mais. <\/a><\/p>\n","protected":false},"excerpt":{"rendered":"<p>Com o objetivo de apresentar a JUSPREV aos Defensores P\u00fablicos do Estado do Paran\u00e1, a gerente da Entidade, Deborah Maggio, esteve presente na sede da Defensoria P\u00fablica no \u00faltimo s\u00e1bado,&#8230;<\/p>\n","protected":false},"author":3,"featured_media":0,"comment_status":"closed","ping_status":"closed","sticky":false,"template":"","format":"standard","meta":{"footnotes":""},"categories":[31],"tags":[],"class_list":["post-10401","post","type-post","status-publish","format-standard","hentry","category-noticias"],"_links":{"self":[{"href":"https:\/\/jusprev.org.br\/backup\/wp-json\/wp\/v2\/posts\/10401","targetHints":{"allow":["GET"]}}],"collection":[{"href":"https:\/\/jusprev.org.br\/backup\/wp-json\/wp\/v2\/posts"}],"about":[{"href":"https:\/\/jusprev.org.br\/backup\/wp-json\/wp\/v2\/types\/post"}],"author":[{"embeddable":true,"href":"https:\/\/jusprev.org.br\/backup\/wp-json\/wp\/v2\/users\/3"}],"replies":[{"embeddable":true,"href":"https:\/\/jusprev.org.br\/backup\/wp-json\/wp\/v2\/comments?post=10401"}],"version-history":[{"count":0,"href":"https:\/\/jusprev.org.br\/backup\/wp-json\/wp\/v2\/posts\/10401\/revisions"}],"wp:attachment":[{"href":"https:\/\/jusprev.org.br\/backup\/wp-json\/wp\/v2\/media?parent=10401"}],"wp:term":[{"taxonomy":"category","embeddable":true,"href":"https:\/\/jusprev.org.br\/backup\/wp-json\/wp\/v2\/categories?post=10401"},{"taxonomy":"post_tag","embeddable":true,"href":"https:\/\/jusprev.org.br\/backup\/wp-json\/wp\/v2\/tags?post=10401"}],"curies":[{"name":"wp","href":"https:\/\/api.w.org\/{rel}","templated":true}]}}