{"id":10416,"date":"2018-03-09T09:58:09","date_gmt":"2018-03-09T12:58:09","guid":{"rendered":"https:\/\/jusprev.org.br\/backup\/?p=10416"},"modified":"2018-03-09T09:58:09","modified_gmt":"2018-03-09T12:58:09","slug":"amatra-ix-recebe-trofeu-comemorativo-de-10-anos-da-jusprev","status":"publish","type":"post","link":"https:\/\/jusprev.org.br\/backup\/amatra-ix-recebe-trofeu-comemorativo-de-10-anos-da-jusprev\/","title":{"rendered":"Amatra IX recebe trof\u00e9u comemorativo de 10 anos da JUSPREV"},"content":{"rendered":"<p>Para reconhecer a parceria com a Amatra IX, a JUSPREV entregou nesta quinta-feira (8\/3) o trof\u00e9u de 10 anos da entidade, criado para celebrar os resultados conquistados pela previd\u00eancia associativa e suas associa\u00e7\u00f5es instituidoras nesta primeira d\u00e9cada. A entrega foi feita pelo consultor Alexandre dos Santos ao presidente da entidade, Paulo da Cunha Boal.<\/p>\n<p>Atualmente, a JUSPREV conta com 61 associa\u00e7\u00f5es instituidoras em todo o pa\u00eds. Administra um patrim\u00f4nio de mais de R$ 186 milh\u00f5es e possui cerca de 3 mil participantes. Segundo a Associa\u00e7\u00e3o Brasileira das Entidades Fechadas de Previd\u00eancia Complementar (ABRAPP), a JUSPREV ocupa a 7\u00aa posi\u00e7\u00e3o no ranking dos fundos de pens\u00e3o institu\u00eddos no Brasil.<\/p>\n<div id=\"attachment_10417\" style=\"width: 310px\" class=\"wp-caption alignleft\"><img loading=\"lazy\" decoding=\"async\" aria-describedby=\"caption-attachment-10417\" src=\"https:\/\/jusprev.org.br\/backup\/wp-content\/uploads\/2018\/03\/DSC_0592_b-1-300x199.jpg\" alt=\"Da esquerda para a direita, Alexandre dos Santos, consultor da JUSPREV e o Presidente da AMATRA IX, Paulo da Cunha Boal\" width=\"300\" height=\"199\" class=\"size-medium wp-image-10417\" \/><p id=\"caption-attachment-10417\" class=\"wp-caption-text\">Da esquerda para a direita, Alexandre dos Santos, consultor da JUSPREV e o Presidente da AMATRA IX, Paulo da Cunha Boal<\/p><\/div>\n","protected":false},"excerpt":{"rendered":"<p>Para reconhecer a parceria com a Amatra IX, a JUSPREV entregou nesta quinta-feira (8\/3) o trof\u00e9u de 10 anos da entidade, criado para celebrar os resultados conquistados pela previd\u00eancia associativa&#8230;<\/p>\n","protected":false},"author":3,"featured_media":0,"comment_status":"closed","ping_status":"closed","sticky":false,"template":"","format":"standard","meta":{"footnotes":""},"categories":[31],"tags":[],"class_list":["post-10416","post","type-post","status-publish","format-standard","hentry","category-noticias"],"_links":{"self":[{"href":"https:\/\/jusprev.org.br\/backup\/wp-json\/wp\/v2\/posts\/10416","targetHints":{"allow":["GET"]}}],"collection":[{"href":"https:\/\/jusprev.org.br\/backup\/wp-json\/wp\/v2\/posts"}],"about":[{"href":"https:\/\/jusprev.org.br\/backup\/wp-json\/wp\/v2\/types\/post"}],"author":[{"embeddable":true,"href":"https:\/\/jusprev.org.br\/backup\/wp-json\/wp\/v2\/users\/3"}],"replies":[{"embeddable":true,"href":"https:\/\/jusprev.org.br\/backup\/wp-json\/wp\/v2\/comments?post=10416"}],"version-history":[{"count":0,"href":"https:\/\/jusprev.org.br\/backup\/wp-json\/wp\/v2\/posts\/10416\/revisions"}],"wp:attachment":[{"href":"https:\/\/jusprev.org.br\/backup\/wp-json\/wp\/v2\/media?parent=10416"}],"wp:term":[{"taxonomy":"category","embeddable":true,"href":"https:\/\/jusprev.org.br\/backup\/wp-json\/wp\/v2\/categories?post=10416"},{"taxonomy":"post_tag","embeddable":true,"href":"https:\/\/jusprev.org.br\/backup\/wp-json\/wp\/v2\/tags?post=10416"}],"curies":[{"name":"wp","href":"https:\/\/api.w.org\/{rel}","templated":true}]}}