{"id":10420,"date":"2018-03-09T14:50:43","date_gmt":"2018-03-09T17:50:43","guid":{"rendered":"https:\/\/jusprev.org.br\/backup\/?p=10420"},"modified":"2018-03-09T14:50:43","modified_gmt":"2018-03-09T17:50:43","slug":"jusprev-participa-de-reuniao-do-conselho-de-representantes-da-anfip","status":"publish","type":"post","link":"https:\/\/jusprev.org.br\/backup\/jusprev-participa-de-reuniao-do-conselho-de-representantes-da-anfip\/","title":{"rendered":"JUSPREV participa de reuni\u00e3o do Conselho de Representantes da ANFIP"},"content":{"rendered":"<p>Entre os dias 26 e 28 de fevereiro aconteceu na Associa\u00e7\u00e3o Nacional dos Auditores Fiscais da Receita Federal do Brasil \u2013 ANFIP \u2013 a reuni\u00e3o do Conselho de Representantes da institui\u00e7\u00e3o. A JUSPREV esteve presente no evento, por meio da gerente da Entidade, Deborah Maggio. Como representante da JUSPREV junto \u00e0 ANFIP participou o Vice-presidente de Assuntos da Seguridade Social da institui\u00e7\u00e3o, Dr. D\u00e9cio Bruno Lopes. <\/p>\n<p>Na ocasi\u00e3o foram apresentadas as estrat\u00e9gias para divulga\u00e7\u00e3o e fomento da JUSPREV para os associados da ANFIP.  A Associa\u00e7\u00e3o Nacional integra o Col\u00e9gio de Instituidoras da JUSPREV, que \u00e9 formado por mais 60 Associa\u00e7\u00f5es de Classe de carreiras p\u00fablicas de todo o pa\u00eds. <\/p>\n<div id=\"attachment_10421\" style=\"width: 310px\" class=\"wp-caption alignleft\"><img loading=\"lazy\" decoding=\"async\" aria-describedby=\"caption-attachment-10421\" src=\"https:\/\/jusprev.org.br\/backup\/wp-content\/uploads\/2018\/03\/Reuniao_ANFIP-300x176.jpg\" alt=\"Reuni\u00e3o aconteceu na sede da ANFIP, em Bras\u00edlia\" width=\"300\" height=\"176\" class=\"size-medium wp-image-10421\" \/><p id=\"caption-attachment-10421\" class=\"wp-caption-text\">Reuni\u00e3o aconteceu na sede da ANFIP, em Bras\u00edlia<\/p><\/div>\n","protected":false},"excerpt":{"rendered":"<p>Entre os dias 26 e 28 de fevereiro aconteceu na Associa\u00e7\u00e3o Nacional dos Auditores Fiscais da Receita Federal do Brasil \u2013 ANFIP \u2013 a reuni\u00e3o do Conselho de Representantes da&#8230;<\/p>\n","protected":false},"author":3,"featured_media":0,"comment_status":"closed","ping_status":"closed","sticky":false,"template":"","format":"standard","meta":{"footnotes":""},"categories":[31],"tags":[],"class_list":["post-10420","post","type-post","status-publish","format-standard","hentry","category-noticias"],"_links":{"self":[{"href":"https:\/\/jusprev.org.br\/backup\/wp-json\/wp\/v2\/posts\/10420","targetHints":{"allow":["GET"]}}],"collection":[{"href":"https:\/\/jusprev.org.br\/backup\/wp-json\/wp\/v2\/posts"}],"about":[{"href":"https:\/\/jusprev.org.br\/backup\/wp-json\/wp\/v2\/types\/post"}],"author":[{"embeddable":true,"href":"https:\/\/jusprev.org.br\/backup\/wp-json\/wp\/v2\/users\/3"}],"replies":[{"embeddable":true,"href":"https:\/\/jusprev.org.br\/backup\/wp-json\/wp\/v2\/comments?post=10420"}],"version-history":[{"count":0,"href":"https:\/\/jusprev.org.br\/backup\/wp-json\/wp\/v2\/posts\/10420\/revisions"}],"wp:attachment":[{"href":"https:\/\/jusprev.org.br\/backup\/wp-json\/wp\/v2\/media?parent=10420"}],"wp:term":[{"taxonomy":"category","embeddable":true,"href":"https:\/\/jusprev.org.br\/backup\/wp-json\/wp\/v2\/categories?post=10420"},{"taxonomy":"post_tag","embeddable":true,"href":"https:\/\/jusprev.org.br\/backup\/wp-json\/wp\/v2\/tags?post=10420"}],"curies":[{"name":"wp","href":"https:\/\/api.w.org\/{rel}","templated":true}]}}