{"id":10423,"date":"2018-03-09T17:28:49","date_gmt":"2018-03-09T20:28:49","guid":{"rendered":"https:\/\/jusprev.org.br\/backup\/?p=10423"},"modified":"2018-03-09T17:28:49","modified_gmt":"2018-03-09T20:28:49","slug":"jusprev-e-apresentada-no-viii-encontro-estadual-da-anfip-mg","status":"publish","type":"post","link":"https:\/\/jusprev.org.br\/backup\/jusprev-e-apresentada-no-viii-encontro-estadual-da-anfip-mg\/","title":{"rendered":"JUSPREV \u00e9 apresentada no VIII Encontro Estadual de Aposentados e Pensionistas da ANFIP-MG"},"content":{"rendered":"<p>Nesta sexta-feira, dia 09 de mar\u00e7o, a consultora da JUSPREV, Carolina Dutra, esteve presente no VIII Encontro Estadual de Aposentados e Pensionistas da ANFIP-MG para apresentar a Previd\u00eancia Associativa e os benef\u00edcios do plano previdenci\u00e1rio da Entidade, o PLANJUS. O evento da ANFIP-MG acontece at\u00e9 o dia 11 de mar\u00e7o na cidade de Caxambu (MG). <\/p>\n<div id=\"attachment_10425\" style=\"width: 310px\" class=\"wp-caption alignleft\"><img loading=\"lazy\" decoding=\"async\" aria-describedby=\"caption-attachment-10425\" src=\"https:\/\/jusprev.org.br\/backup\/wp-content\/uploads\/2018\/03\/Encontro_MG-300x237.png\" alt=\"Da esquerda para a direita, Vice-presidente de Assuntos da Seguridade Social da ANFIP, Dr. D\u00e9cio Bruno Lopes, a consultora da JUSPREV, Carolina Dutra, a presidente da ANFIP-MG, Ana Lucia Guimar\u00e3es Silva e a Vice-presidente de pol\u00edtica de classe da institui\u00e7\u00e3o, Ilva maria Franca Lauria.\" width=\"300\" height=\"237\" class=\"size-medium wp-image-10425\" \/><p id=\"caption-attachment-10425\" class=\"wp-caption-text\">Da esquerda para a direita, Vice-presidente de Assuntos da Seguridade Social da ANFIP, Dr. D\u00e9cio Bruno Lopes, a consultora da JUSPREV, Carolina Dutra, a presidente da ANFIP-MG, Ana Lucia Guimar\u00e3es Silva e a Vice-presidente de pol\u00edtica de classe da institui\u00e7\u00e3o, Ilva maria Franca Lauria.<\/p><\/div>\n<div id=\"attachment_10424\" style=\"width: 310px\" class=\"wp-caption alignleft\"><img loading=\"lazy\" decoding=\"async\" aria-describedby=\"caption-attachment-10424\" src=\"https:\/\/jusprev.org.br\/backup\/wp-content\/uploads\/2018\/03\/ec3546bf-393a-48c7-8258-4aa28e3a3ed5-300x169.jpg\" alt=\"Carolina Dutra, consultora da JUSPREV, durante apresenta\u00e7\u00e3o no evento da ANFIP-MG\" width=\"300\" height=\"169\" class=\"size-medium wp-image-10424\" \/><p id=\"caption-attachment-10424\" class=\"wp-caption-text\">Carolina Dutra, consultora da JUSPREV, durante apresenta\u00e7\u00e3o no evento da ANFIP-MG<\/p><\/div>\n","protected":false},"excerpt":{"rendered":"<p>Nesta sexta-feira, dia 09 de mar\u00e7o, a consultora da JUSPREV, Carolina Dutra, esteve presente no VIII Encontro Estadual de Aposentados e Pensionistas da ANFIP-MG para apresentar a Previd\u00eancia Associativa e&#8230;<\/p>\n","protected":false},"author":3,"featured_media":0,"comment_status":"closed","ping_status":"closed","sticky":false,"template":"","format":"standard","meta":{"footnotes":""},"categories":[31],"tags":[],"class_list":["post-10423","post","type-post","status-publish","format-standard","hentry","category-noticias"],"_links":{"self":[{"href":"https:\/\/jusprev.org.br\/backup\/wp-json\/wp\/v2\/posts\/10423","targetHints":{"allow":["GET"]}}],"collection":[{"href":"https:\/\/jusprev.org.br\/backup\/wp-json\/wp\/v2\/posts"}],"about":[{"href":"https:\/\/jusprev.org.br\/backup\/wp-json\/wp\/v2\/types\/post"}],"author":[{"embeddable":true,"href":"https:\/\/jusprev.org.br\/backup\/wp-json\/wp\/v2\/users\/3"}],"replies":[{"embeddable":true,"href":"https:\/\/jusprev.org.br\/backup\/wp-json\/wp\/v2\/comments?post=10423"}],"version-history":[{"count":0,"href":"https:\/\/jusprev.org.br\/backup\/wp-json\/wp\/v2\/posts\/10423\/revisions"}],"wp:attachment":[{"href":"https:\/\/jusprev.org.br\/backup\/wp-json\/wp\/v2\/media?parent=10423"}],"wp:term":[{"taxonomy":"category","embeddable":true,"href":"https:\/\/jusprev.org.br\/backup\/wp-json\/wp\/v2\/categories?post=10423"},{"taxonomy":"post_tag","embeddable":true,"href":"https:\/\/jusprev.org.br\/backup\/wp-json\/wp\/v2\/tags?post=10423"}],"curies":[{"name":"wp","href":"https:\/\/api.w.org\/{rel}","templated":true}]}}