{"id":10450,"date":"2018-03-14T17:05:57","date_gmt":"2018-03-14T20:05:57","guid":{"rendered":"https:\/\/jusprev.org.br\/backup\/?p=10450"},"modified":"2018-03-14T17:05:57","modified_gmt":"2018-03-14T20:05:57","slug":"educacao-financeira-de-criancas-e-jovens-como-fazer","status":"publish","type":"post","link":"https:\/\/jusprev.org.br\/backup\/educacao-financeira-de-criancas-e-jovens-como-fazer\/","title":{"rendered":"Educa\u00e7\u00e3o Financeira de Crian\u00e7as e Jovens: Como fazer?"},"content":{"rendered":"<p>Um tema que ainda gera muitas d\u00favidas para as fam\u00edlias. Como envolver as crian\u00e7as e jovens no planejamento financeiro e incentivar um bom uso do dinheiro? A especialista em finan\u00e7as, Myrian Lund, preparou um artigo sobre o tema. Confira:<\/p>\n<p>Como as crian\u00e7as, em casa, percebem a rela\u00e7\u00e3o dos pais com o dinheiro? Uma rela\u00e7\u00e3o de sacrif\u00edcio, de escassez, de brigas ou prazerosa, de satisfa\u00e7\u00e3o, de harmonia, de organiza\u00e7\u00e3o e de planejamento?<\/p>\n<p>O papel do dinheiro na vida das fam\u00edlias est\u00e1 ganhando um peso cada vez maior, influenciando as rela\u00e7\u00f5es entre marido, mulher e filhos. Para ter sucesso financeiro, a organiza\u00e7\u00e3o das finan\u00e7as e o planejamento financeiro a curto, m\u00e9dio e longo prazo s\u00e3o essenciais no mundo contempor\u00e2neo. Nada melhor do que fazer isso com a participa\u00e7\u00e3o de todos que utilizam ou que dividem o mesmo or\u00e7amento, inclusive as crian\u00e7as e os jovens.<\/p>\n<p>A figura a seguir apresenta o modelo que deve ser seguido nas reuni\u00f5es familiares, evidenciando a import\u00e2ncia do equil\u00edbrio entre CONSUMO e POUPAN\u00c7A, norteados por um PLANEJAMENTO e baseados no OR\u00c7AMENTO FAMILIAR.<\/p>\n<div id=\"attachment_10457\" style=\"width: 310px\" class=\"wp-caption alignleft\"><img loading=\"lazy\" decoding=\"async\" aria-describedby=\"caption-attachment-10457\" class=\"size-medium wp-image-10457\" src=\"https:\/\/jusprev.org.br\/backup\/wp-content\/uploads\/2018\/03\/myrian-1-300x225.png\" alt=\"Fonte: www.vidaedinheiro.gov.br\" width=\"300\" height=\"225\" \/><p id=\"caption-attachment-10457\" class=\"wp-caption-text\">Fonte: www.vidaedinheiro.gov.br<\/p><\/div>\n<p>Veja o que cada item significa:<\/p>\n<p><strong>OR\u00c7AMENTO &#8211;\u00a0<\/strong>Como nos organizamos para fechar as contas do m\u00eas? E aqui podemos usar os 5 Rs (repensar, recusar, reduzir, reutilizar e reciclar) na an\u00e1lise das contas, da planilha.<br \/>\n<strong>PLANEJAMENTO &#8211;\u00a0<\/strong>Como nos planejamos para realizar os nossos sonhos e objetivos de vida? Planejar \u00e9 estabelecer objetivos e os meios par alcan\u00e7\u00e1-los.<br \/>\n<strong>CONSUMO \u2013<\/strong> Precisamos? Temos dinheiro? Precisa ser agora? Essa reflex\u00e3o ajuda a adiar o consumo e n\u00e3o cair em armadilhas (promo\u00e7\u00f5es, influ\u00eancia dos outros, ostenta\u00e7\u00e3o, falta de aten\u00e7\u00e3o aos pequenos valores, entre muitas outras).<br \/>\n<strong>POUPAN\u00c7A &#8211;<\/strong> \u00c9 o dinheiro que se guarda com o objetivo de utiliz\u00e1-lo no futuro.<\/p>\n<p>Al\u00e9m do envolvimento nas contas da fam\u00edlia, \u00e9 importante que as crian\u00e7as recebam mesada, na verdade, semanada, a partir do momento que j\u00e1 sabem fazer adi\u00e7\u00e3o e subtra\u00e7\u00e3o. Uma regra sugestiva para os pais: dar R$ 1,00 por idade por semana. Exemplo: uma crian\u00e7a de 8 anos, pode receber R$ 8 por semana. Mas, aten\u00e7\u00e3o, ao dar semanada, os pais devem considerar que isso \u00e9 como um \u201csal\u00e1rio\u201d, para o consumo e para a poupan\u00e7a. Pais, estimulem que seus filhos utilizem a mesma din\u00e2mica: planejar o qu\u00ea e onde querem consumir. Aprender a poupar, a guardar para uso futuro. Esta \u00e9 a grande heran\u00e7a que os pais podem deixar para os filhos.<\/p>\n<p>Quando a crian\u00e7a se torna jovem e j\u00e1 come\u00e7a a encontrar os amigos no shopping, por exemplo, \u00e9 interessante que tenha mesada para que aprenda a dividir o dinheiro no m\u00eas, a fazer escolhas e a decidir onde vai gast\u00e1-lo.<\/p>\n<p>Para saber mais, acesse o site www.vidaedinheiro.gov.br e conhe\u00e7a a Estrat\u00e9gia Nacional de Educa\u00e7\u00e3o Financeira, que apoia a\u00e7\u00f5es que ajudam a popula\u00e7\u00e3o, adultos, crian\u00e7as e jovens, a tomar decis\u00f5es financeiras mais aut\u00f4nomas e conscientes.<\/p>\n<p><em>Sobre a autora:\u00a0<\/em><\/p>\n<p><img loading=\"lazy\" decoding=\"async\" class=\"alignleft size-thumbnail wp-image-10465\" src=\"https:\/\/jusprev.org.br\/backup\/wp-content\/uploads\/2018\/03\/myrian_2-150x150.jpg\" alt=\"myrian_2\" width=\"150\" height=\"150\" \/><em>Myrian Lund, CFP \u00e9 planejadora financeira certificada, mestre em Gest\u00e3o Empresarial pela FGV, especialista em Finan\u00e7as pelo IBMEC e administradora pela EBAPE\/FGV. Est\u00e1 cursando Doutorado em Business Administration na ESC-Rennes\/Fran\u00e7a. Sua experi\u00eancia profissional inclui 20 anos em cargos executivos no Mercado Financeiro.\u00a0\u00c9\u00a0consultora de finan\u00e7as pessoais e realiza palestras e workshops de Planejamento Financeiro Pessoal em Institui\u00e7\u00f5es Financeiras e empresas.\u00a0\u00c9 co-autora dos livros\u00a0Mercado de Capitais\u00a0da s\u00e9rie CADEMP e\u00a0Lideran\u00e7a e Motiva\u00e7\u00e3o\u00a0da S\u00e9rie Gest\u00e3o de Pessoas\u00a0da Funda\u00e7\u00e3o Getulio Vargas.<\/em><\/p>\n<p>&nbsp;<\/p>\n<p>VEJA <a href=\"https:\/\/jusprev.org.br\/backup\/?page_id=10530\">AQUI <\/a>MAIS ARTIGOS SOBRE EDUCA\u00c7\u00c3O FINANCEIRA<\/p>\n","protected":false},"excerpt":{"rendered":"<p>Um tema que ainda gera muitas d\u00favidas para as fam\u00edlias. Como envolver as crian\u00e7as e jovens no planejamento financeiro e incentivar um bom uso do dinheiro? A especialista em finan\u00e7as,&#8230;<\/p>\n","protected":false},"author":3,"featured_media":0,"comment_status":"closed","ping_status":"closed","sticky":false,"template":"","format":"standard","meta":{"footnotes":""},"categories":[31],"tags":[],"class_list":["post-10450","post","type-post","status-publish","format-standard","hentry","category-noticias"],"_links":{"self":[{"href":"https:\/\/jusprev.org.br\/backup\/wp-json\/wp\/v2\/posts\/10450","targetHints":{"allow":["GET"]}}],"collection":[{"href":"https:\/\/jusprev.org.br\/backup\/wp-json\/wp\/v2\/posts"}],"about":[{"href":"https:\/\/jusprev.org.br\/backup\/wp-json\/wp\/v2\/types\/post"}],"author":[{"embeddable":true,"href":"https:\/\/jusprev.org.br\/backup\/wp-json\/wp\/v2\/users\/3"}],"replies":[{"embeddable":true,"href":"https:\/\/jusprev.org.br\/backup\/wp-json\/wp\/v2\/comments?post=10450"}],"version-history":[{"count":0,"href":"https:\/\/jusprev.org.br\/backup\/wp-json\/wp\/v2\/posts\/10450\/revisions"}],"wp:attachment":[{"href":"https:\/\/jusprev.org.br\/backup\/wp-json\/wp\/v2\/media?parent=10450"}],"wp:term":[{"taxonomy":"category","embeddable":true,"href":"https:\/\/jusprev.org.br\/backup\/wp-json\/wp\/v2\/categories?post=10450"},{"taxonomy":"post_tag","embeddable":true,"href":"https:\/\/jusprev.org.br\/backup\/wp-json\/wp\/v2\/tags?post=10450"}],"curies":[{"name":"wp","href":"https:\/\/api.w.org\/{rel}","templated":true}]}}