{"id":10468,"date":"2018-03-15T12:00:14","date_gmt":"2018-03-15T15:00:14","guid":{"rendered":"https:\/\/jusprev.org.br\/backup\/?p=10468"},"modified":"2018-03-15T12:00:14","modified_gmt":"2018-03-15T15:00:14","slug":"presidente-da-adep-mg-recebe-livro-e-trofeu-comemorativo-dos-10-anos-da-jusprev","status":"publish","type":"post","link":"https:\/\/jusprev.org.br\/backup\/presidente-da-adep-mg-recebe-livro-e-trofeu-comemorativo-dos-10-anos-da-jusprev\/","title":{"rendered":"Presidente da ADEP-MG recebe livro e trof\u00e9u comemorativo dos 10 anos da JUSPREV"},"content":{"rendered":"<p>Nesta semana, o presidente da Associa\u00e7\u00e3o dos Defensores P\u00fablicos de Minas Gerais, Eduardo Cyrino Generoso, recebeu o trof\u00e9u e livro comemorativo dos 10 anos da JUSPREV. Essa \u00e9 uma homenagem da Entidade para as Associa\u00e7\u00f5es de Classe de carreiras p\u00fablicas da \u00e1rea jur\u00eddica e auditoria fiscal que fazem parte da hist\u00f3ria da JUSPREV e integram o Col\u00e9gio de Instituidoras, um dos principais \u00f3rg\u00e3os colegiados da previd\u00eancia complementar associativa. \u00a0O livro e o trof\u00e9u foram entregues pela consultora da JUSPREV na regi\u00e3o, Carolina Dutra.<\/p>\n<p><img loading=\"lazy\" decoding=\"async\" src=\"https:\/\/jusprev.org.br\/backup\/wp-content\/uploads\/2018\/03\/Adep_MG-300x199.png\" alt=\"Adep_MG\" width=\"300\" height=\"199\" class=\"alignleft size-medium wp-image-10469\" \/><\/p>\n","protected":false},"excerpt":{"rendered":"<p>Nesta semana, o presidente da Associa\u00e7\u00e3o dos Defensores P\u00fablicos de Minas Gerais, Eduardo Cyrino Generoso, recebeu o trof\u00e9u e livro comemorativo dos 10 anos da JUSPREV. Essa \u00e9 uma homenagem&#8230;<\/p>\n","protected":false},"author":3,"featured_media":0,"comment_status":"closed","ping_status":"closed","sticky":false,"template":"","format":"standard","meta":{"footnotes":""},"categories":[31],"tags":[],"class_list":["post-10468","post","type-post","status-publish","format-standard","hentry","category-noticias"],"_links":{"self":[{"href":"https:\/\/jusprev.org.br\/backup\/wp-json\/wp\/v2\/posts\/10468","targetHints":{"allow":["GET"]}}],"collection":[{"href":"https:\/\/jusprev.org.br\/backup\/wp-json\/wp\/v2\/posts"}],"about":[{"href":"https:\/\/jusprev.org.br\/backup\/wp-json\/wp\/v2\/types\/post"}],"author":[{"embeddable":true,"href":"https:\/\/jusprev.org.br\/backup\/wp-json\/wp\/v2\/users\/3"}],"replies":[{"embeddable":true,"href":"https:\/\/jusprev.org.br\/backup\/wp-json\/wp\/v2\/comments?post=10468"}],"version-history":[{"count":0,"href":"https:\/\/jusprev.org.br\/backup\/wp-json\/wp\/v2\/posts\/10468\/revisions"}],"wp:attachment":[{"href":"https:\/\/jusprev.org.br\/backup\/wp-json\/wp\/v2\/media?parent=10468"}],"wp:term":[{"taxonomy":"category","embeddable":true,"href":"https:\/\/jusprev.org.br\/backup\/wp-json\/wp\/v2\/categories?post=10468"},{"taxonomy":"post_tag","embeddable":true,"href":"https:\/\/jusprev.org.br\/backup\/wp-json\/wp\/v2\/tags?post=10468"}],"curies":[{"name":"wp","href":"https:\/\/api.w.org\/{rel}","templated":true}]}}