{"id":10479,"date":"2018-03-23T16:24:46","date_gmt":"2018-03-23T19:24:46","guid":{"rendered":"https:\/\/jusprev.org.br\/backup\/?p=10479"},"modified":"2018-03-23T16:24:46","modified_gmt":"2018-03-23T19:24:46","slug":"francisco-borges-membro-do-comite-de-investimentos-da-jusprev-assume-temporariamente-a-presidencia-da-amb","status":"publish","type":"post","link":"https:\/\/jusprev.org.br\/backup\/francisco-borges-membro-do-comite-de-investimentos-da-jusprev-assume-temporariamente-a-presidencia-da-amb\/","title":{"rendered":"Francisco Borges, membro do Comit\u00ea de Investimentos da JUSPREV, assume temporariamente a presid\u00eancia da AMB"},"content":{"rendered":"<p><div id=\"attachment_10480\" style=\"width: 310px\" class=\"wp-caption alignleft\"><img loading=\"lazy\" decoding=\"async\" aria-describedby=\"caption-attachment-10480\" src=\"https:\/\/jusprev.org.br\/backup\/wp-content\/uploads\/2018\/03\/francisco-ok1-300x200.jpg\" alt=\"Francisco Borges \u00e9 membro do Comit\u00ea de Investimentos da JUSPREV\" width=\"300\" height=\"200\" class=\"size-medium wp-image-10480\" \/><p id=\"caption-attachment-10480\" class=\"wp-caption-text\">Francisco Borges \u00e9 membro do Comit\u00ea de Investimentos da JUSPREV<\/p><\/div>De 23 de mar\u00e7o a 1\u00ba de abril, o vice-presidente de Interioriza\u00e7\u00e3o da Associa\u00e7\u00e3o dos Magistrados Brasileiros (AMB), Francisco Borges, responder\u00e1 pela presid\u00eancia da associa\u00e7\u00e3o. Durante esse per\u00edodo, o presidente Jayme de Oliveira estar\u00e1 cumprindo agenda fora do Brasil. Ele representar\u00e1 a magistratura brasileira durante a I Confer\u00eancia dos Presidentes dos Supremos Tribunais da China e dos Pa\u00edses de L\u00edngua Portuguesa, promovida pelo Supremo Tribunal Popular da China.<\/p>\n<p>Juiz\u00a0 titular da 1\u00aa Vara Criminal de Porto Velho, Francisco Borges ingressou na magistratura em 1992, tendo atuado como presidente da Associa\u00e7\u00e3o dos Magistrados de Rond\u00f4nia (Ameron), de 2013 a 2016, e juiz auxiliar da presid\u00eancia do TJRO por dois mandatos. Atualmente, \u00e9 professor de Processo Penal da Escola da Magistratura do Estado de Rond\u00f4nia (Emeron), membro da Comiss\u00e3o da AMB da reforma do novo C\u00f3digo de Processo Penal (CPP), do Comit\u00ea de investimentos da Jusprev e do Conselho de Administra\u00e7\u00e3o do Instituto de Previd\u00eancia do Estado de Rond\u00f4nia (Iperon).<\/p>\n<p><em>Fonte: AMB<\/em><\/p>\n","protected":false},"excerpt":{"rendered":"<p>De 23 de mar\u00e7o a 1\u00ba de abril, o vice-presidente de Interioriza\u00e7\u00e3o da Associa\u00e7\u00e3o dos Magistrados Brasileiros (AMB), Francisco Borges, responder\u00e1 pela presid\u00eancia da associa\u00e7\u00e3o. Durante esse per\u00edodo, o presidente&#8230;<\/p>\n","protected":false},"author":3,"featured_media":0,"comment_status":"closed","ping_status":"closed","sticky":false,"template":"","format":"standard","meta":{"footnotes":""},"categories":[31],"tags":[],"class_list":["post-10479","post","type-post","status-publish","format-standard","hentry","category-noticias"],"_links":{"self":[{"href":"https:\/\/jusprev.org.br\/backup\/wp-json\/wp\/v2\/posts\/10479","targetHints":{"allow":["GET"]}}],"collection":[{"href":"https:\/\/jusprev.org.br\/backup\/wp-json\/wp\/v2\/posts"}],"about":[{"href":"https:\/\/jusprev.org.br\/backup\/wp-json\/wp\/v2\/types\/post"}],"author":[{"embeddable":true,"href":"https:\/\/jusprev.org.br\/backup\/wp-json\/wp\/v2\/users\/3"}],"replies":[{"embeddable":true,"href":"https:\/\/jusprev.org.br\/backup\/wp-json\/wp\/v2\/comments?post=10479"}],"version-history":[{"count":0,"href":"https:\/\/jusprev.org.br\/backup\/wp-json\/wp\/v2\/posts\/10479\/revisions"}],"wp:attachment":[{"href":"https:\/\/jusprev.org.br\/backup\/wp-json\/wp\/v2\/media?parent=10479"}],"wp:term":[{"taxonomy":"category","embeddable":true,"href":"https:\/\/jusprev.org.br\/backup\/wp-json\/wp\/v2\/categories?post=10479"},{"taxonomy":"post_tag","embeddable":true,"href":"https:\/\/jusprev.org.br\/backup\/wp-json\/wp\/v2\/tags?post=10479"}],"curies":[{"name":"wp","href":"https:\/\/api.w.org\/{rel}","templated":true}]}}