{"id":10482,"date":"2018-03-23T16:46:43","date_gmt":"2018-03-23T19:46:43","guid":{"rendered":"https:\/\/jusprev.org.br\/backup\/?p=10482"},"modified":"2018-03-23T16:46:43","modified_gmt":"2018-03-23T19:46:43","slug":"jusprev-participa-de-palestra-realizada-pela-previpar-e-aditus-cenario-2018-e-os-impactos-nas-carteiras-foram-os-temas-abordados","status":"publish","type":"post","link":"https:\/\/jusprev.org.br\/backup\/jusprev-participa-de-palestra-realizada-pela-previpar-e-aditus-cenario-2018-e-os-impactos-nas-carteiras-foram-os-temas-abordados\/","title":{"rendered":"JUSPREV participa de palestra realizada pela Previpar e Aditus. Cen\u00e1rio 2018 e os impactos nas carteiras foram os temas abordados."},"content":{"rendered":"<p>Nesta sexta-feira (23), aconteceu em Curitiba a palestra \u201cCen\u00e1rio 2018 e os impactos nas carteiras\u201d, realizada pela Associa\u00e7\u00e3o dos Fundos de Pens\u00e3o do Paran\u00e1 (Previpar) e Aditus. O evento reuniu representantes de entidades de previd\u00eancia complementar. Pela JUSPREV, participaram o presidente do Comit\u00ea de investimentos da JUSPREV, Fabio Bertoli Esmanhotto, e o Coordenador Econ\u00f4mico e Financeiro da Entidade, Allan Nogueira. <\/p>\n<p>O principal assunto abordado foi a apresenta\u00e7\u00e3o das op\u00e7\u00f5es de produtos dispon\u00edveis para que os Fundos de Pens\u00e3o busquem maior rentabilidade em suas carteiras em um momento de queda na Selic, uma vez que os rendimentos das aplica\u00e7\u00f5es em renda fixa (que acompanham a taxa) ficam menos atraentes. Foram apresentadas as seguintes op\u00e7\u00f5es: Exterior, Cr\u00e9dito, Multimercado Estruturado e Bolsa. <\/p>\n<div id=\"attachment_10483\" style=\"width: 310px\" class=\"wp-caption alignleft\"><img loading=\"lazy\" decoding=\"async\" aria-describedby=\"caption-attachment-10483\" src=\"https:\/\/jusprev.org.br\/backup\/wp-content\/uploads\/2018\/03\/evento_aditus-300x225.jpg\" alt=\"Evento reuniu representantes de entidades de previd\u00eancia complementar em Curitiba (PR)\" width=\"300\" height=\"225\" class=\"size-medium wp-image-10483\" \/><p id=\"caption-attachment-10483\" class=\"wp-caption-text\">Evento reuniu representantes de entidades de previd\u00eancia complementar em Curitiba (PR)<\/p><\/div>\n","protected":false},"excerpt":{"rendered":"<p>Nesta sexta-feira (23), aconteceu em Curitiba a palestra \u201cCen\u00e1rio 2018 e os impactos nas carteiras\u201d, realizada pela Associa\u00e7\u00e3o dos Fundos de Pens\u00e3o do Paran\u00e1 (Previpar) e Aditus. O evento reuniu&#8230;<\/p>\n","protected":false},"author":3,"featured_media":0,"comment_status":"closed","ping_status":"closed","sticky":false,"template":"","format":"standard","meta":{"footnotes":""},"categories":[31],"tags":[],"class_list":["post-10482","post","type-post","status-publish","format-standard","hentry","category-noticias"],"_links":{"self":[{"href":"https:\/\/jusprev.org.br\/backup\/wp-json\/wp\/v2\/posts\/10482","targetHints":{"allow":["GET"]}}],"collection":[{"href":"https:\/\/jusprev.org.br\/backup\/wp-json\/wp\/v2\/posts"}],"about":[{"href":"https:\/\/jusprev.org.br\/backup\/wp-json\/wp\/v2\/types\/post"}],"author":[{"embeddable":true,"href":"https:\/\/jusprev.org.br\/backup\/wp-json\/wp\/v2\/users\/3"}],"replies":[{"embeddable":true,"href":"https:\/\/jusprev.org.br\/backup\/wp-json\/wp\/v2\/comments?post=10482"}],"version-history":[{"count":0,"href":"https:\/\/jusprev.org.br\/backup\/wp-json\/wp\/v2\/posts\/10482\/revisions"}],"wp:attachment":[{"href":"https:\/\/jusprev.org.br\/backup\/wp-json\/wp\/v2\/media?parent=10482"}],"wp:term":[{"taxonomy":"category","embeddable":true,"href":"https:\/\/jusprev.org.br\/backup\/wp-json\/wp\/v2\/categories?post=10482"},{"taxonomy":"post_tag","embeddable":true,"href":"https:\/\/jusprev.org.br\/backup\/wp-json\/wp\/v2\/tags?post=10482"}],"curies":[{"name":"wp","href":"https:\/\/api.w.org\/{rel}","templated":true}]}}