{"id":10486,"date":"2018-03-23T17:38:43","date_gmt":"2018-03-23T20:38:43","guid":{"rendered":"https:\/\/jusprev.org.br\/backup\/?p=10486"},"modified":"2018-03-23T17:38:43","modified_gmt":"2018-03-23T20:38:43","slug":"alteracao-no-estatuto-da-jusprev","status":"publish","type":"post","link":"https:\/\/jusprev.org.br\/backup\/alteracao-no-estatuto-da-jusprev\/","title":{"rendered":"Altera\u00e7\u00e3o no Estatuto da JUSPREV"},"content":{"rendered":"<p>Em atendimento ao princ\u00edpio da transpar\u00eancia preceituado no artigo 7\u00b0 da Lei Complementar n.\u00b0 109\/2001, a JUSPREV divulga aos seus participantes e assistidos o quadro com a proposta de altera\u00e7\u00e3o no estatuto da entidade. <\/p>\n<p>Confira aqui, o quadro comparativo com a altera\u00e7\u00e3o no estatuto:<\/p>\n<p><img loading=\"lazy\" decoding=\"async\" src=\"https:\/\/jusprev.org.br\/backup\/wp-content\/uploads\/2018\/03\/estatuto_site_1-1024x404.png\" alt=\"estatuto_site_1\" width=\"926\" height=\"365\" class=\"alignleft size-large wp-image-10494\" \/><\/p>\n<p>D\u00favidas ou mais informa\u00e7\u00f5es, entre em contato com a Central de Relacionamento com o Participante: relacionamento@jusprev.org.br <\/p>\n","protected":false},"excerpt":{"rendered":"<p>Em atendimento ao princ\u00edpio da transpar\u00eancia preceituado no artigo 7\u00b0 da Lei Complementar n.\u00b0 109\/2001, a JUSPREV divulga aos seus participantes e assistidos o quadro com a proposta de altera\u00e7\u00e3o&#8230;<\/p>\n","protected":false},"author":3,"featured_media":0,"comment_status":"closed","ping_status":"closed","sticky":false,"template":"","format":"standard","meta":{"footnotes":""},"categories":[31],"tags":[],"class_list":["post-10486","post","type-post","status-publish","format-standard","hentry","category-noticias"],"_links":{"self":[{"href":"https:\/\/jusprev.org.br\/backup\/wp-json\/wp\/v2\/posts\/10486","targetHints":{"allow":["GET"]}}],"collection":[{"href":"https:\/\/jusprev.org.br\/backup\/wp-json\/wp\/v2\/posts"}],"about":[{"href":"https:\/\/jusprev.org.br\/backup\/wp-json\/wp\/v2\/types\/post"}],"author":[{"embeddable":true,"href":"https:\/\/jusprev.org.br\/backup\/wp-json\/wp\/v2\/users\/3"}],"replies":[{"embeddable":true,"href":"https:\/\/jusprev.org.br\/backup\/wp-json\/wp\/v2\/comments?post=10486"}],"version-history":[{"count":0,"href":"https:\/\/jusprev.org.br\/backup\/wp-json\/wp\/v2\/posts\/10486\/revisions"}],"wp:attachment":[{"href":"https:\/\/jusprev.org.br\/backup\/wp-json\/wp\/v2\/media?parent=10486"}],"wp:term":[{"taxonomy":"category","embeddable":true,"href":"https:\/\/jusprev.org.br\/backup\/wp-json\/wp\/v2\/categories?post=10486"},{"taxonomy":"post_tag","embeddable":true,"href":"https:\/\/jusprev.org.br\/backup\/wp-json\/wp\/v2\/tags?post=10486"}],"curies":[{"name":"wp","href":"https:\/\/api.w.org\/{rel}","templated":true}]}}