{"id":10521,"date":"2018-04-04T09:12:13","date_gmt":"2018-04-04T12:12:13","guid":{"rendered":"https:\/\/jusprev.org.br\/backup\/?p=10521"},"modified":"2018-04-04T09:12:13","modified_gmt":"2018-04-04T12:12:13","slug":"educacao-financeira-como-os-casais-podem-fazer-o-planejamento-financeiro","status":"publish","type":"post","link":"https:\/\/jusprev.org.br\/backup\/educacao-financeira-como-os-casais-podem-fazer-o-planejamento-financeiro\/","title":{"rendered":"Educa\u00e7\u00e3o Financeira: Como os casais podem fazer o planejamento financeiro?"},"content":{"rendered":"<p><img loading=\"lazy\" decoding=\"async\" class=\"alignleft size-medium wp-image-10522\" src=\"https:\/\/jusprev.org.br\/backup\/wp-content\/uploads\/2018\/04\/money-2724245_960_720-300x172.jpg\" alt=\"money-2724245_960_720\" width=\"300\" height=\"172\" \/>J\u00e1 pensou em qual \u00e9 a melhor forma de um casal iniciar o planejamento financeiro? Ser\u00e1 que \u00e9 melhor uma conta junta ou separada? Falar em finan\u00e7as envolve os planos e sonhos de cada um. No artigo do m\u00eas, a especialista em finan\u00e7as, Myrian Lund traz dicas que podem ajudar nessa organiza\u00e7\u00e3o. Confira:<\/p>\n<p>Casal: conta corrente junta ou separada? &#8211; Este \u00e9 um tema bastante controverso. Ent\u00e3o vamos simplificar a an\u00e1lise para que cada casal tome a melhor decis\u00e3o. Na verdade, temos dois enfoques:<\/p>\n<p><strong>a)Enfoque estrat\u00e9gico \u2013 <\/strong>\u00e9 a forma como as finan\u00e7as do casal \u00e9 direcionada. \u00c9 muito importante que os dois caminhem na mesma dire\u00e7\u00e3o, com os mesmos sonhos e objetivos de vida para o curto, m\u00e9dio e longo prazo. \u00c9 isso \u00e9 que vai permitir que o casal enrique\u00e7a, que atinja as metas e os desejos. Vamos escrever, em fam\u00edlia, nossos sonhos? <a href=\"https:\/\/jusprev.org.br\/backup\/?p=10508\" target=\"_blank\">Veja a planilha que disponibilizamos aqui.<\/a><\/p>\n<p><strong>b)Enfoque operacional \u2013<\/strong> este \u00e9 o mais dif\u00edcil, pois lida com as formas de tomar as decis\u00f5es de consumo, de poupan\u00e7a e de investimento no dia a dia. S\u00e3o quando aparecem as brigas! Minha primeira recomenda\u00e7\u00e3o \u00e9 que leiam o livro de Daniel Kanheman: R\u00e1pido e Devagar: duas formas de pensar.<\/p>\n<p><strong>Alguns aspectos importantes:<br \/>\n<\/strong><\/p>\n<p>1. AUTOCONHECIMENTO &#8211; As pessoas s\u00e3o diferentes, umas mais racionais, pensam mais antes de tomar uma decis\u00e3o; outras mais intuitivas, emocionais, tomam as decis\u00f5es na hora, sem refletir muito e avaliar as consequ\u00eancias.<\/p>\n<p>2. REGRAS DE BOLSO &#8211; Cada um deve ser respons\u00e1vel por cuidar do seu pr\u00f3prio dinheiro do dia-a-dia, utilizando limites de cart\u00e3o de cr\u00e9dito e cheque especial de acordo com as suas caracter\u00edsticas pessoais. Evite situa\u00e7\u00f5es ou ferramentas que podem fazer voc\u00ea gastar mais que o necess\u00e1rio.<\/p>\n<p>3. SONHOS \u2013 como os sonhos s\u00e3o comuns, o casal agora, sim, pode fazer a conta conjunta e investir de forma a fazer o dinheiro crescer mais r\u00e1pido, com custos mais baratos e um volume que permita a diversifica\u00e7\u00e3o em ativos diferentes.<\/p>\n<p>4. APOSENTADORIA:<\/p>\n<p>I. Se os dois trabalham \u00e9 importante que cada um fa\u00e7a a sua aposentadoria separadamente. N\u00e3o juntamos dinheiro da aposentadoria com os demais investimentos, pois ela deve ser tratada independentemente para o bem-estar de cada um, ou do casal, na idade mais avan\u00e7ada.<\/p>\n<p>II. Entretanto, se um dos c\u00f4njuges n\u00e3o trabalha, este assunto precisa ser definido entre o casal, pois, no momento atual, a previd\u00eancia privada complementar passou a ser de vital import\u00e2ncia para todo indiv\u00edduo. O ideal \u00e9 que o c\u00f4njuge que trabalha fa\u00e7a dep\u00f3sitos mensais numa Previd\u00eancia para aquele que cuida dos afazeres dom\u00e9sticos, por exemplo.<\/p>\n<p>Como planejadores financeiros estimulamos os casais a pensarem no futuro, seja por conta de uma separa\u00e7\u00e3o ou de uma morte n\u00e3o esperada. O que est\u00e1 em jogo aqui \u00e9 a tranquilidade do casal e, n\u00e3o, se o evento vai ou n\u00e3o ocorrer, at\u00e9 porque s\u00e3o situa\u00e7\u00f5es que n\u00e3o temos como prever. O melhor \u00e9 estar sempre preparado.<\/p>\n<p>Tem d\u00favidas sobre este tema? Envie suas quest\u00f5es para comunicacao@jusprev.org.br.<\/p>\n<p><em>Sobre a autora:\u00a0<\/em><\/p>\n<p><img loading=\"lazy\" decoding=\"async\" class=\"alignleft size-thumbnail wp-image-10465\" src=\"https:\/\/jusprev.org.br\/backup\/wp-content\/uploads\/2018\/03\/myrian_2-150x150.jpg\" alt=\"myrian_2\" width=\"150\" height=\"150\" \/><em>Myrian Lund, CFP \u00e9 planejadora financeira certificada, mestre em Gest\u00e3o Empresarial pela FGV, especialista em Finan\u00e7as pelo IBMEC e administradora pela EBAPE\/FGV. Est\u00e1 cursando Doutorado em Business Administration na ESC-Rennes\/Fran\u00e7a. Sua experi\u00eancia profissional inclui 20 anos em cargos executivos no Mercado Financeiro.\u00a0\u00c9\u00a0consultora de finan\u00e7as pessoais e realiza palestras e workshops de Planejamento Financeiro Pessoal em Institui\u00e7\u00f5es Financeiras e empresas.\u00a0\u00c9 co-autora dos livros\u00a0Mercado de Capitais\u00a0da s\u00e9rie CADEMP e\u00a0Lideran\u00e7a e Motiva\u00e7\u00e3o\u00a0da S\u00e9rie Gest\u00e3o de Pessoas\u00a0da Funda\u00e7\u00e3o Getulio Vargas.<\/em><\/p>\n<p>&nbsp;<\/p>\n<p>LEIA MAIS:<\/p>\n<p><a href=\"https:\/\/jusprev.org.br\/backup\/?page_id=10530\">VEJA AQUI <\/a>MAIS DICAS SOBRE EDUCA\u00c7\u00c3O FINANCEIRA<\/p>\n","protected":false},"excerpt":{"rendered":"<p>J\u00e1 pensou em qual \u00e9 a melhor forma de um casal iniciar o planejamento financeiro? Ser\u00e1 que \u00e9 melhor uma conta junta ou separada? Falar em finan\u00e7as envolve os planos&#8230;<\/p>\n","protected":false},"author":3,"featured_media":0,"comment_status":"closed","ping_status":"closed","sticky":false,"template":"","format":"standard","meta":{"footnotes":""},"categories":[31],"tags":[],"class_list":["post-10521","post","type-post","status-publish","format-standard","hentry","category-noticias"],"_links":{"self":[{"href":"https:\/\/jusprev.org.br\/backup\/wp-json\/wp\/v2\/posts\/10521","targetHints":{"allow":["GET"]}}],"collection":[{"href":"https:\/\/jusprev.org.br\/backup\/wp-json\/wp\/v2\/posts"}],"about":[{"href":"https:\/\/jusprev.org.br\/backup\/wp-json\/wp\/v2\/types\/post"}],"author":[{"embeddable":true,"href":"https:\/\/jusprev.org.br\/backup\/wp-json\/wp\/v2\/users\/3"}],"replies":[{"embeddable":true,"href":"https:\/\/jusprev.org.br\/backup\/wp-json\/wp\/v2\/comments?post=10521"}],"version-history":[{"count":0,"href":"https:\/\/jusprev.org.br\/backup\/wp-json\/wp\/v2\/posts\/10521\/revisions"}],"wp:attachment":[{"href":"https:\/\/jusprev.org.br\/backup\/wp-json\/wp\/v2\/media?parent=10521"}],"wp:term":[{"taxonomy":"category","embeddable":true,"href":"https:\/\/jusprev.org.br\/backup\/wp-json\/wp\/v2\/categories?post=10521"},{"taxonomy":"post_tag","embeddable":true,"href":"https:\/\/jusprev.org.br\/backup\/wp-json\/wp\/v2\/tags?post=10521"}],"curies":[{"name":"wp","href":"https:\/\/api.w.org\/{rel}","templated":true}]}}