{"id":10575,"date":"2018-04-16T15:35:37","date_gmt":"2018-04-16T18:35:37","guid":{"rendered":"https:\/\/jusprev.org.br\/backup\/?p=10575"},"modified":"2018-04-16T15:35:37","modified_gmt":"2018-04-16T18:35:37","slug":"gerente-da-jusprev-ministrara-palestra-no-seminario-sobre-previdencia-complementar-da-agmp","status":"publish","type":"post","link":"https:\/\/jusprev.org.br\/backup\/gerente-da-jusprev-ministrara-palestra-no-seminario-sobre-previdencia-complementar-da-agmp\/","title":{"rendered":"Gerente da JUSPREV ministrar\u00e1 palestra no semin\u00e1rio sobre previd\u00eancia complementar da AGMP"},"content":{"rendered":"<p>No pr\u00f3ximo dia 20 de abril, a gerente da JUSPREV, Deborah Maggio, participar\u00e1 como palestrante no Semin\u00e1rio \u201cDiscutindo a Previd\u00eancia Complementar\u201d, realizada pela Associa\u00e7\u00e3o Goiana do Minist\u00e9rio P\u00fablico (AGMP), que \u00e9 uma das 61 Associa\u00e7\u00f5es de Classe Instituidoras da JUSPREV. Tamb\u00e9m realizam o evento a ASMEGO, Associa\u00e7\u00e3o dos Magistrados do Estado de Goi\u00e1s e Escola Superior do Minist\u00e9rio P\u00fablico de Goi\u00e1s.<\/p>\n<p>Deborah ir\u00e1 apresentar a Previd\u00eancia Associativa do Minist\u00e9rio P\u00fablico, da Justi\u00e7a Brasileira e dos Auditores Fiscais da Receita Federal do Brasil e os benef\u00edcios do Plano de Benef\u00edcios Previdenci\u00e1rios da JUSPREV, o PLANJUS.\u00a0O\u00a0semin\u00e1rio acontece das 9h30 \u00e0s 17h, na sede da AGMP.<\/p>\n<p>Veja a programa\u00e7\u00e3o completa <a href=\"http:\/\/www.agmp.org.br\/fiquepordentro\/?noticia=seminArio_-_discutindo_a_previdEncia_complementar\">aqui.<\/a><\/p>\n<p><img loading=\"lazy\" decoding=\"async\" src=\"https:\/\/jusprev.org.br\/backup\/wp-content\/uploads\/2018\/04\/palestra-AGMP.png\" alt=\"palestra AGMP\" width=\"749\" height=\"381\" class=\"alignleft size-full wp-image-10579\" \/><\/p>\n","protected":false},"excerpt":{"rendered":"<p>No pr\u00f3ximo dia 20 de abril, a gerente da JUSPREV, Deborah Maggio, participar\u00e1 como palestrante no Semin\u00e1rio \u201cDiscutindo a Previd\u00eancia Complementar\u201d, realizada pela Associa\u00e7\u00e3o Goiana do Minist\u00e9rio P\u00fablico (AGMP), que&#8230;<\/p>\n","protected":false},"author":3,"featured_media":0,"comment_status":"closed","ping_status":"closed","sticky":false,"template":"","format":"standard","meta":{"footnotes":""},"categories":[31],"tags":[],"class_list":["post-10575","post","type-post","status-publish","format-standard","hentry","category-noticias"],"_links":{"self":[{"href":"https:\/\/jusprev.org.br\/backup\/wp-json\/wp\/v2\/posts\/10575","targetHints":{"allow":["GET"]}}],"collection":[{"href":"https:\/\/jusprev.org.br\/backup\/wp-json\/wp\/v2\/posts"}],"about":[{"href":"https:\/\/jusprev.org.br\/backup\/wp-json\/wp\/v2\/types\/post"}],"author":[{"embeddable":true,"href":"https:\/\/jusprev.org.br\/backup\/wp-json\/wp\/v2\/users\/3"}],"replies":[{"embeddable":true,"href":"https:\/\/jusprev.org.br\/backup\/wp-json\/wp\/v2\/comments?post=10575"}],"version-history":[{"count":0,"href":"https:\/\/jusprev.org.br\/backup\/wp-json\/wp\/v2\/posts\/10575\/revisions"}],"wp:attachment":[{"href":"https:\/\/jusprev.org.br\/backup\/wp-json\/wp\/v2\/media?parent=10575"}],"wp:term":[{"taxonomy":"category","embeddable":true,"href":"https:\/\/jusprev.org.br\/backup\/wp-json\/wp\/v2\/categories?post=10575"},{"taxonomy":"post_tag","embeddable":true,"href":"https:\/\/jusprev.org.br\/backup\/wp-json\/wp\/v2\/tags?post=10575"}],"curies":[{"name":"wp","href":"https:\/\/api.w.org\/{rel}","templated":true}]}}