{"id":10598,"date":"2018-04-26T17:15:36","date_gmt":"2018-04-26T20:15:36","guid":{"rendered":"https:\/\/jusprev.org.br\/backup\/?p=10598"},"modified":"2018-04-26T17:15:36","modified_gmt":"2018-04-26T20:15:36","slug":"confira-o-relatorio-anual-de-informacoes-exercicio-2017","status":"publish","type":"post","link":"https:\/\/jusprev.org.br\/backup\/confira-o-relatorio-anual-de-informacoes-exercicio-2017\/","title":{"rendered":"Confira o Relat\u00f3rio Anual de Informa\u00e7\u00f5es &#8211; Exerc\u00edcio 2017"},"content":{"rendered":"<p>J\u00e1 est\u00e1 dispon\u00edvel o Relat\u00f3rio Anual de Informa\u00e7\u00f5es &#8211; Exerc\u00edcio 2017.\u00a0O documento possui informa\u00e7\u00f5es relevantes da sua previd\u00eancia complementar associativa, como pol\u00edtica de investimentos, situa\u00e7\u00e3o patrimonial, situa\u00e7\u00e3o atuarial do PLANJUS, n\u00fameros da JUSPREV, entre outros dados.<\/p>\n<p><a href=\"https:\/\/jusprev.org.br\/backup\/wp-content\/uploads\/2012\/06\/rai2017jusprev.pdf\" target=\"_blank\">Baixe o documento aqui.\u00a0<\/a><br \/>\n<a href=\"https:\/\/jusprev.org.br\/backup\/wp-content\/uploads\/2012\/06\/rai2017jusprev.pdf\" target=\"_blank\"><br \/>\n<img loading=\"lazy\" decoding=\"async\" class=\"alignleft size-medium wp-image-10599\" src=\"https:\/\/jusprev.org.br\/backup\/wp-content\/uploads\/2018\/04\/RAI-post-300x300.jpeg\" alt=\"RAI-post\" width=\"300\" height=\"300\" \/><\/a><\/p>\n","protected":false},"excerpt":{"rendered":"<p>J\u00e1 est\u00e1 dispon\u00edvel o Relat\u00f3rio Anual de Informa\u00e7\u00f5es &#8211; Exerc\u00edcio 2017.\u00a0O documento possui informa\u00e7\u00f5es relevantes da sua previd\u00eancia complementar associativa, como pol\u00edtica de investimentos, situa\u00e7\u00e3o patrimonial, situa\u00e7\u00e3o atuarial do PLANJUS,&#8230;<\/p>\n","protected":false},"author":5,"featured_media":0,"comment_status":"closed","ping_status":"closed","sticky":false,"template":"","format":"standard","meta":{"footnotes":""},"categories":[31],"tags":[],"class_list":["post-10598","post","type-post","status-publish","format-standard","hentry","category-noticias"],"_links":{"self":[{"href":"https:\/\/jusprev.org.br\/backup\/wp-json\/wp\/v2\/posts\/10598","targetHints":{"allow":["GET"]}}],"collection":[{"href":"https:\/\/jusprev.org.br\/backup\/wp-json\/wp\/v2\/posts"}],"about":[{"href":"https:\/\/jusprev.org.br\/backup\/wp-json\/wp\/v2\/types\/post"}],"author":[{"embeddable":true,"href":"https:\/\/jusprev.org.br\/backup\/wp-json\/wp\/v2\/users\/5"}],"replies":[{"embeddable":true,"href":"https:\/\/jusprev.org.br\/backup\/wp-json\/wp\/v2\/comments?post=10598"}],"version-history":[{"count":0,"href":"https:\/\/jusprev.org.br\/backup\/wp-json\/wp\/v2\/posts\/10598\/revisions"}],"wp:attachment":[{"href":"https:\/\/jusprev.org.br\/backup\/wp-json\/wp\/v2\/media?parent=10598"}],"wp:term":[{"taxonomy":"category","embeddable":true,"href":"https:\/\/jusprev.org.br\/backup\/wp-json\/wp\/v2\/categories?post=10598"},{"taxonomy":"post_tag","embeddable":true,"href":"https:\/\/jusprev.org.br\/backup\/wp-json\/wp\/v2\/tags?post=10598"}],"curies":[{"name":"wp","href":"https:\/\/api.w.org\/{rel}","templated":true}]}}