{"id":10628,"date":"2018-05-07T10:17:37","date_gmt":"2018-05-07T13:17:37","guid":{"rendered":"https:\/\/jusprev.org.br\/backup\/?p=10628"},"modified":"2018-05-07T10:17:37","modified_gmt":"2018-05-07T13:17:37","slug":"jusprev-participara-de-seminario-sobre-regimes-de-previdencia-complementar-da-anafe","status":"publish","type":"post","link":"https:\/\/jusprev.org.br\/backup\/jusprev-participara-de-seminario-sobre-regimes-de-previdencia-complementar-da-anafe\/","title":{"rendered":"JUSPREV participar\u00e1 de Semin\u00e1rio sobre Regimes de Previd\u00eancia Complementar, da ANAFE"},"content":{"rendered":"<p>No pr\u00f3ximo dia 16 de maio, a JUSPREV estar\u00e1 presente no Semin\u00e1rio sobre Regimes de Previd\u00eancia Complementar, realizado pela ANAFE, em Bras\u00edlia. As vantagens e benef\u00edcios da previd\u00eancia associativa ser\u00e3o apresentados pela gerente da JUSPREV, Deborah Maggio. A Associa\u00e7\u00e3o Nacional dos Advogados P\u00fablicos Federais faz parte do Col\u00e9gio de Instituidoras da JUSPREV, formado atualmente por 63 entidades de classe de todo o pa\u00eds. <\/p>\n<p>O evento ter\u00e1 vagas limitadas. As inscri\u00e7\u00f5es devem ser solicitadas at\u00e9 o dia 14 de maio pelo e-mail atendimento@anafenacional.org.br com o t\u00edtulo \u201cSEMIN\u00c1RIO REGIMES DE PREVID\u00caNCIA\u201d. O corpo de e-mail deve conter nome completo e telefone para contato.<\/p>\n<p>AGENDA:<br \/>\nSemin\u00e1rio Regimes de Previd\u00eancia Complementar<br \/>\nData: 16 de maio (quarta-feira)<br \/>\nHor\u00e1rio: 19h<br \/>\nLocal: Audit\u00f3rio da ANAFE (SHIS QL 24, conjunto 3, casa 1 \u2013 Lago Sul \u2013 Bras\u00edlia\/DF)<br \/>\nInscri\u00e7\u00f5es: atendimento@anafenacional.org.br<br \/>\nTransmiss\u00e3o ao vivo: anafenacional.org.br\/areadoassociado<\/p>\n<p><img loading=\"lazy\" decoding=\"async\" src=\"https:\/\/jusprev.org.br\/backup\/wp-content\/uploads\/2018\/05\/Semin\u00e1rio-previd\u00eancia-complementar-ANAFE-1024x1024.jpeg\" alt=\"Semin\u00e1rio-previd\u00eancia-complementar-ANAFE\" width=\"926\" height=\"926\" class=\"alignleft size-large wp-image-10629\" \/><\/p>\n","protected":false},"excerpt":{"rendered":"<p>No pr\u00f3ximo dia 16 de maio, a JUSPREV estar\u00e1 presente no Semin\u00e1rio sobre Regimes de Previd\u00eancia Complementar, realizado pela ANAFE, em Bras\u00edlia. As vantagens e benef\u00edcios da previd\u00eancia associativa ser\u00e3o&#8230;<\/p>\n","protected":false},"author":3,"featured_media":0,"comment_status":"closed","ping_status":"closed","sticky":false,"template":"","format":"standard","meta":{"footnotes":""},"categories":[31],"tags":[],"class_list":["post-10628","post","type-post","status-publish","format-standard","hentry","category-noticias"],"_links":{"self":[{"href":"https:\/\/jusprev.org.br\/backup\/wp-json\/wp\/v2\/posts\/10628","targetHints":{"allow":["GET"]}}],"collection":[{"href":"https:\/\/jusprev.org.br\/backup\/wp-json\/wp\/v2\/posts"}],"about":[{"href":"https:\/\/jusprev.org.br\/backup\/wp-json\/wp\/v2\/types\/post"}],"author":[{"embeddable":true,"href":"https:\/\/jusprev.org.br\/backup\/wp-json\/wp\/v2\/users\/3"}],"replies":[{"embeddable":true,"href":"https:\/\/jusprev.org.br\/backup\/wp-json\/wp\/v2\/comments?post=10628"}],"version-history":[{"count":0,"href":"https:\/\/jusprev.org.br\/backup\/wp-json\/wp\/v2\/posts\/10628\/revisions"}],"wp:attachment":[{"href":"https:\/\/jusprev.org.br\/backup\/wp-json\/wp\/v2\/media?parent=10628"}],"wp:term":[{"taxonomy":"category","embeddable":true,"href":"https:\/\/jusprev.org.br\/backup\/wp-json\/wp\/v2\/categories?post=10628"},{"taxonomy":"post_tag","embeddable":true,"href":"https:\/\/jusprev.org.br\/backup\/wp-json\/wp\/v2\/tags?post=10628"}],"curies":[{"name":"wp","href":"https:\/\/api.w.org\/{rel}","templated":true}]}}