{"id":10631,"date":"2018-05-07T13:38:11","date_gmt":"2018-05-07T16:38:11","guid":{"rendered":"https:\/\/jusprev.org.br\/backup\/?p=10631"},"modified":"2018-05-07T13:38:11","modified_gmt":"2018-05-07T16:38:11","slug":"jusprev-sera-apresentada-para-magistrados-da-amapi","status":"publish","type":"post","link":"https:\/\/jusprev.org.br\/backup\/jusprev-sera-apresentada-para-magistrados-da-amapi\/","title":{"rendered":"JUSPREV ser\u00e1 apresentada para magistrados da AMAPI"},"content":{"rendered":"<p><img loading=\"lazy\" decoding=\"async\" src=\"https:\/\/jusprev.org.br\/backup\/wp-content\/uploads\/2018\/05\/yVBQb5na_400x400-300x300.jpg\" alt=\"yVBQb5na_400x400\" width=\"300\" height=\"300\" class=\"alignleft size-medium wp-image-10632\" \/> No pr\u00f3ximo dia 18 de maio, representantes da JUSPREV estar\u00e3o em Teresina para apresentar aos magistrados piauienses a previd\u00eancia complementar associativa.  A palestra \u201cConhe\u00e7a a Jusprev: a previd\u00eancia complementar que nasceu da for\u00e7a e uni\u00e3o associativa\u201d acontecer\u00e1 na sede administrativa da Amapi, a partir das 18 horas.  <\/p>\n<p>A palestra ser\u00e1 realizada pelo vice-presidente da AMB e membro do Comit\u00ea de Investimentos da JUSPREV, Francisco Borges Ferreira Neto, e pela gerente da Entidade, Deborah Maggio.<\/p>\n<p>A Associa\u00e7\u00e3o dos Magistrados Piauienses \u00e9 uma das 63 entidades instituidoras da JUSPREV. <\/p>\n<p><img loading=\"lazy\" decoding=\"async\" src=\"https:\/\/jusprev.org.br\/backup\/wp-content\/uploads\/2018\/05\/e2589c0e-cf78-4a46-9234-224f3c29b711-675x1024.jpg\" alt=\"e2589c0e-cf78-4a46-9234-224f3c29b711\" width=\"675\" height=\"1024\" class=\"alignleft size-large wp-image-10635\" \/><\/p>\n","protected":false},"excerpt":{"rendered":"<p>No pr\u00f3ximo dia 18 de maio, representantes da JUSPREV estar\u00e3o em Teresina para apresentar aos magistrados piauienses a previd\u00eancia complementar associativa. A palestra \u201cConhe\u00e7a a Jusprev: a previd\u00eancia complementar que&#8230;<\/p>\n","protected":false},"author":3,"featured_media":0,"comment_status":"closed","ping_status":"closed","sticky":false,"template":"","format":"standard","meta":{"footnotes":""},"categories":[31],"tags":[],"class_list":["post-10631","post","type-post","status-publish","format-standard","hentry","category-noticias"],"_links":{"self":[{"href":"https:\/\/jusprev.org.br\/backup\/wp-json\/wp\/v2\/posts\/10631","targetHints":{"allow":["GET"]}}],"collection":[{"href":"https:\/\/jusprev.org.br\/backup\/wp-json\/wp\/v2\/posts"}],"about":[{"href":"https:\/\/jusprev.org.br\/backup\/wp-json\/wp\/v2\/types\/post"}],"author":[{"embeddable":true,"href":"https:\/\/jusprev.org.br\/backup\/wp-json\/wp\/v2\/users\/3"}],"replies":[{"embeddable":true,"href":"https:\/\/jusprev.org.br\/backup\/wp-json\/wp\/v2\/comments?post=10631"}],"version-history":[{"count":0,"href":"https:\/\/jusprev.org.br\/backup\/wp-json\/wp\/v2\/posts\/10631\/revisions"}],"wp:attachment":[{"href":"https:\/\/jusprev.org.br\/backup\/wp-json\/wp\/v2\/media?parent=10631"}],"wp:term":[{"taxonomy":"category","embeddable":true,"href":"https:\/\/jusprev.org.br\/backup\/wp-json\/wp\/v2\/categories?post=10631"},{"taxonomy":"post_tag","embeddable":true,"href":"https:\/\/jusprev.org.br\/backup\/wp-json\/wp\/v2\/tags?post=10631"}],"curies":[{"name":"wp","href":"https:\/\/api.w.org\/{rel}","templated":true}]}}