{"id":10639,"date":"2018-05-10T11:24:20","date_gmt":"2018-05-10T14:24:20","guid":{"rendered":"https:\/\/jusprev.org.br\/backup\/?p=10639"},"modified":"2018-05-10T11:24:20","modified_gmt":"2018-05-10T14:24:20","slug":"abrapp-acontece-divulga-treinamento-da-jusprev","status":"publish","type":"post","link":"https:\/\/jusprev.org.br\/backup\/abrapp-acontece-divulga-treinamento-da-jusprev\/","title":{"rendered":"Abrapp Acontece divulga treinamento da JUSPREV"},"content":{"rendered":"<p><img loading=\"lazy\" decoding=\"async\" src=\"https:\/\/jusprev.org.br\/backup\/wp-content\/uploads\/2018\/05\/acontece_2-300x177.jpg\" alt=\"acontece_2\" width=\"300\" height=\"177\" class=\"alignleft size-medium wp-image-10642\" \/>Nesta quinta-feira (10), o 3\u00ba Treinamento para Capacita\u00e7\u00e3o de Funcion\u00e1rios e Diretores das Associa\u00e7\u00f5es Instituidoras da JUSPREV foi tema do informativo da Associa\u00e7\u00e3o Brasileira das Entidades Fechadas de Previd\u00eancia Complementar (Abrapp), o \u201cAcontece\u201d. <\/p>\n<p>O evento foi realizado em Curitiba, entre os dias 25 e 27 de abril, reunindo mais de 30 participantes, de diversos Estados brasileiros. O objetivo do treinamento foi abordar assuntos sobre o cen\u00e1rio de previd\u00eancia complementar no Brasil, a import\u00e2ncia da JUSPREV, vantagens e benef\u00edcios, entre outras quest\u00f5es relevantes e estrat\u00e9gicas da Entidade. Uma palestra sobre educa\u00e7\u00e3o financeira e previdenci\u00e1ria tamb\u00e9m foi realizada, incentivando o planejamento financeiro e aten\u00e7\u00e3o com as finan\u00e7as.  <\/p>\n<p><a href=\"https:\/\/mailchi.mp\/ddafdef97bae\/acontece-uniabrapp-firma-carta-de-intenes-na-abertura-do-9-encontro-da-regio-sul?e=147884ae8b\" target=\"_blank\">Leia aqui <\/a>o informativo completo da Abrapp. <\/p>\n<p><a href=\"https:\/\/jusprev.org.br\/backup\/?p=10609\" target=\"_blank\">Saiba mais<\/a> sobre o treinamento da JUSPREV. <\/p>\n<p><img loading=\"lazy\" decoding=\"async\" src=\"https:\/\/jusprev.org.br\/backup\/wp-content\/uploads\/2018\/05\/20180425_093104-300x225.jpg\" alt=\"20180425_093104\" width=\"300\" height=\"225\" class=\"alignleft size-medium wp-image-10614\" \/><\/p>\n<p><img loading=\"lazy\" decoding=\"async\" src=\"https:\/\/jusprev.org.br\/backup\/wp-content\/uploads\/2018\/05\/Treinamento2-300x225.jpg\" alt=\"Treinamento2\" width=\"300\" height=\"225\" class=\"alignleft size-medium wp-image-10611\" \/><\/p>\n<p><img loading=\"lazy\" decoding=\"async\" src=\"https:\/\/jusprev.org.br\/backup\/wp-content\/uploads\/2018\/05\/Treinamento4-300x225.jpg\" alt=\"Treinamento4\" width=\"300\" height=\"225\" class=\"alignleft size-medium wp-image-10644\" \/><\/p>\n<p><img loading=\"lazy\" decoding=\"async\" src=\"https:\/\/jusprev.org.br\/backup\/wp-content\/uploads\/2018\/05\/dc1ad799-8a8f-417a-b550-2788d01950d2-300x169.jpg\" alt=\"dc1ad799-8a8f-417a-b550-2788d01950d2\" width=\"300\" height=\"169\" class=\"alignleft size-medium wp-image-10645\" \/><\/p>\n","protected":false},"excerpt":{"rendered":"<p>Nesta quinta-feira (10), o 3\u00ba Treinamento para Capacita\u00e7\u00e3o de Funcion\u00e1rios e Diretores das Associa\u00e7\u00f5es Instituidoras da JUSPREV foi tema do informativo da Associa\u00e7\u00e3o Brasileira das Entidades Fechadas de Previd\u00eancia Complementar&#8230;<\/p>\n","protected":false},"author":3,"featured_media":0,"comment_status":"closed","ping_status":"closed","sticky":false,"template":"","format":"standard","meta":{"footnotes":""},"categories":[31],"tags":[],"class_list":["post-10639","post","type-post","status-publish","format-standard","hentry","category-noticias"],"_links":{"self":[{"href":"https:\/\/jusprev.org.br\/backup\/wp-json\/wp\/v2\/posts\/10639","targetHints":{"allow":["GET"]}}],"collection":[{"href":"https:\/\/jusprev.org.br\/backup\/wp-json\/wp\/v2\/posts"}],"about":[{"href":"https:\/\/jusprev.org.br\/backup\/wp-json\/wp\/v2\/types\/post"}],"author":[{"embeddable":true,"href":"https:\/\/jusprev.org.br\/backup\/wp-json\/wp\/v2\/users\/3"}],"replies":[{"embeddable":true,"href":"https:\/\/jusprev.org.br\/backup\/wp-json\/wp\/v2\/comments?post=10639"}],"version-history":[{"count":0,"href":"https:\/\/jusprev.org.br\/backup\/wp-json\/wp\/v2\/posts\/10639\/revisions"}],"wp:attachment":[{"href":"https:\/\/jusprev.org.br\/backup\/wp-json\/wp\/v2\/media?parent=10639"}],"wp:term":[{"taxonomy":"category","embeddable":true,"href":"https:\/\/jusprev.org.br\/backup\/wp-json\/wp\/v2\/categories?post=10639"},{"taxonomy":"post_tag","embeddable":true,"href":"https:\/\/jusprev.org.br\/backup\/wp-json\/wp\/v2\/tags?post=10639"}],"curies":[{"name":"wp","href":"https:\/\/api.w.org\/{rel}","templated":true}]}}