{"id":10662,"date":"2018-05-14T09:37:57","date_gmt":"2018-05-14T12:37:57","guid":{"rendered":"https:\/\/jusprev.org.br\/backup\/?p=10662"},"modified":"2018-05-14T09:37:57","modified_gmt":"2018-05-14T12:37:57","slug":"confira-o-video-do-3o-treinamento-para-capacitacao-de-funcionarios-e-diretores-das-associacoes-instituidoras-realizado-em-curitiba","status":"publish","type":"post","link":"https:\/\/jusprev.org.br\/backup\/confira-o-video-do-3o-treinamento-para-capacitacao-de-funcionarios-e-diretores-das-associacoes-instituidoras-realizado-em-curitiba\/","title":{"rendered":"Confira o v\u00eddeo do 3\u00ba Treinamento para Capacita\u00e7\u00e3o de Funcion\u00e1rios e Diretores das Associa\u00e7\u00f5es Instituidoras, realizado em Curitiba"},"content":{"rendered":"<p>Entre os dias 25 e 27 de abril de 2018, a JUSPREV realizou o 3\u00ba Treinamento para Capacita\u00e7\u00e3o de Funcion\u00e1rios e Diretores das Associa\u00e7\u00f5es Instituidoras. O evento reuniu mais de 30 participantes em Curitiba. Confira as fotos e v\u00eddeo de resultado do treinamento:<\/p>\n<p><a href=\"https:\/\/www.facebook.com\/jusprev\/videos\/1316541351780750\/\">https:\/\/www.facebook.com\/jusprev\/videos\/1316541351780750\/<\/a><\/p>\n<p>[Best_Wordpress_Gallery id=&#8221;5&#8243; gal_title=&#8221;3\u00ba Treinamento e Capacita\u00e7\u00e3o da JUSPREV&#8221;] <\/p>\n","protected":false},"excerpt":{"rendered":"<p>Entre os dias 25 e 27 de abril de 2018, a JUSPREV realizou o 3\u00ba Treinamento para Capacita\u00e7\u00e3o de Funcion\u00e1rios e Diretores das Associa\u00e7\u00f5es Instituidoras. O evento reuniu mais de&#8230;<\/p>\n","protected":false},"author":3,"featured_media":0,"comment_status":"closed","ping_status":"closed","sticky":false,"template":"","format":"standard","meta":{"footnotes":""},"categories":[31],"tags":[],"class_list":["post-10662","post","type-post","status-publish","format-standard","hentry","category-noticias"],"_links":{"self":[{"href":"https:\/\/jusprev.org.br\/backup\/wp-json\/wp\/v2\/posts\/10662","targetHints":{"allow":["GET"]}}],"collection":[{"href":"https:\/\/jusprev.org.br\/backup\/wp-json\/wp\/v2\/posts"}],"about":[{"href":"https:\/\/jusprev.org.br\/backup\/wp-json\/wp\/v2\/types\/post"}],"author":[{"embeddable":true,"href":"https:\/\/jusprev.org.br\/backup\/wp-json\/wp\/v2\/users\/3"}],"replies":[{"embeddable":true,"href":"https:\/\/jusprev.org.br\/backup\/wp-json\/wp\/v2\/comments?post=10662"}],"version-history":[{"count":0,"href":"https:\/\/jusprev.org.br\/backup\/wp-json\/wp\/v2\/posts\/10662\/revisions"}],"wp:attachment":[{"href":"https:\/\/jusprev.org.br\/backup\/wp-json\/wp\/v2\/media?parent=10662"}],"wp:term":[{"taxonomy":"category","embeddable":true,"href":"https:\/\/jusprev.org.br\/backup\/wp-json\/wp\/v2\/categories?post=10662"},{"taxonomy":"post_tag","embeddable":true,"href":"https:\/\/jusprev.org.br\/backup\/wp-json\/wp\/v2\/tags?post=10662"}],"curies":[{"name":"wp","href":"https:\/\/api.w.org\/{rel}","templated":true}]}}