{"id":10673,"date":"2018-05-14T16:40:49","date_gmt":"2018-05-14T19:40:49","guid":{"rendered":"https:\/\/jusprev.org.br\/backup\/?p=10673"},"modified":"2018-05-14T16:40:49","modified_gmt":"2018-05-14T19:40:49","slug":"semana-nacional-de-educacao-financeira-conheca-as-dividas-boas-e-as-dividas-ruins","status":"publish","type":"post","link":"https:\/\/jusprev.org.br\/backup\/semana-nacional-de-educacao-financeira-conheca-as-dividas-boas-e-as-dividas-ruins\/","title":{"rendered":"Semana Nacional de Educa\u00e7\u00e3o Financeira: conhe\u00e7a as d\u00edvidas boas e as d\u00edvidas ruins"},"content":{"rendered":"<p>Entre os dias 14 e 20 de maio acontece a Semana Nacional de Educa\u00e7\u00e3o Financeira, uma iniciativa do Comit\u00ea Nacional de Educa\u00e7\u00e3o Financeira (CONEF) para promover a Estrat\u00e9gia Nacional de Educa\u00e7\u00e3o Financeira (ENEF).<\/p>\n<p>A JUSPREV apoia esta causa e tem como uma de suas miss\u00f5es auxiliar no planejamento financeiro de seus participantes e assistidos. Por isso, nesta semana, ser\u00e3o divulgados v\u00eddeos com a especialista em finan\u00e7as, professora Myrian Lund.<\/p>\n<p><strong>O primeiro assunto abordado \u00e9 D\u00edvida boa e D\u00edvida Ruim. Confira: <\/strong><\/p>\n<p><a href=\"https:\/\/www.facebook.com\/jusprev\/videos\/1319120178189534\/\">https:\/\/www.facebook.com\/jusprev\/videos\/1319120178189534\/<\/a><\/p>\n<p>&nbsp;<\/p>\n<p><img loading=\"lazy\" decoding=\"async\" src=\"https:\/\/jusprev.org.br\/backup\/wp-content\/uploads\/2018\/05\/site_campanha-300x198.jpg\" alt=\"site_campanha\" width=\"300\" height=\"198\" class=\"alignleft size-medium wp-image-10685\" \/>A JUSPREV tamb\u00e9m apoia o movimento &#8220;No meu dinheiro mando eu&#8221;, realizado pela Associa\u00e7\u00e3o Brasileira das Entidades Fechadas de Previd\u00eancia Complementar (Abrapp). A iniciativa visa colaborar para que consumidores aumentem as chances de ter uma vida com prosperidade sustent\u00e1vel e saibam como ter as finan\u00e7as com equil\u00edbrio e menos impactadas pelo consumismo. Confira mais dicas sobre educa\u00e7\u00e3o financeira no <a href=\"http:\/\/nomeudinheiromandoeu.com.br\/\" target=\"_blank\">site da campanha.<\/a><\/p>\n","protected":false},"excerpt":{"rendered":"<p>Entre os dias 14 e 20 de maio acontece a Semana Nacional de Educa\u00e7\u00e3o Financeira, uma iniciativa do Comit\u00ea Nacional de Educa\u00e7\u00e3o Financeira (CONEF) para promover a Estrat\u00e9gia Nacional de&#8230;<\/p>\n","protected":false},"author":3,"featured_media":0,"comment_status":"closed","ping_status":"closed","sticky":false,"template":"","format":"standard","meta":{"footnotes":""},"categories":[31],"tags":[],"class_list":["post-10673","post","type-post","status-publish","format-standard","hentry","category-noticias"],"_links":{"self":[{"href":"https:\/\/jusprev.org.br\/backup\/wp-json\/wp\/v2\/posts\/10673","targetHints":{"allow":["GET"]}}],"collection":[{"href":"https:\/\/jusprev.org.br\/backup\/wp-json\/wp\/v2\/posts"}],"about":[{"href":"https:\/\/jusprev.org.br\/backup\/wp-json\/wp\/v2\/types\/post"}],"author":[{"embeddable":true,"href":"https:\/\/jusprev.org.br\/backup\/wp-json\/wp\/v2\/users\/3"}],"replies":[{"embeddable":true,"href":"https:\/\/jusprev.org.br\/backup\/wp-json\/wp\/v2\/comments?post=10673"}],"version-history":[{"count":0,"href":"https:\/\/jusprev.org.br\/backup\/wp-json\/wp\/v2\/posts\/10673\/revisions"}],"wp:attachment":[{"href":"https:\/\/jusprev.org.br\/backup\/wp-json\/wp\/v2\/media?parent=10673"}],"wp:term":[{"taxonomy":"category","embeddable":true,"href":"https:\/\/jusprev.org.br\/backup\/wp-json\/wp\/v2\/categories?post=10673"},{"taxonomy":"post_tag","embeddable":true,"href":"https:\/\/jusprev.org.br\/backup\/wp-json\/wp\/v2\/tags?post=10673"}],"curies":[{"name":"wp","href":"https:\/\/api.w.org\/{rel}","templated":true}]}}