{"id":10717,"date":"2018-05-18T15:22:45","date_gmt":"2018-05-18T18:22:45","guid":{"rendered":"https:\/\/jusprev.org.br\/backup\/?p=10717"},"modified":"2018-05-18T15:22:45","modified_gmt":"2018-05-18T18:22:45","slug":"semana-enef-reveja-os-cinco-videos-sobre-educacao-financeira","status":"publish","type":"post","link":"https:\/\/jusprev.org.br\/backup\/semana-enef-reveja-os-cinco-videos-sobre-educacao-financeira\/","title":{"rendered":"Semana ENEF: Reveja os cinco v\u00eddeos sobre educa\u00e7\u00e3o financeira"},"content":{"rendered":"<p>Entre os dias 14 e 20 de maio acontece a Semana Nacional de Educa\u00e7\u00e3o Financeira, uma iniciativa do Comit\u00ea Nacional de Educa\u00e7\u00e3o Financeira (CONEF) para promover a Estrat\u00e9gia Nacional de Educa\u00e7\u00e3o Financeira (ENEF). A JUSPREV apoia esta causa e tem como uma de suas miss\u00f5es auxiliar no planejamento financeiro de seus participantes e assistidos. Por isso, nesta semana, foram divulgados cinco v\u00eddeos com a especialista em finan\u00e7as, professora Myrian Lund.<\/p>\n<p>Confira as dicas:<\/p>\n<p><strong>D\u00cdVIDA BOA E D\u00cdVIDA RUIM<br \/>\n<\/strong><\/p>\n<p><a href=\"https:\/\/www.facebook.com\/jusprev\/videos\/1319120178189534\/\">https:\/\/www.facebook.com\/jusprev\/videos\/1319120178189534\/<\/a><\/p>\n<p>&nbsp;<\/p>\n<p><strong>CICLOS DA VIDA E EDUCA\u00c7\u00c3O FINANCEIRA<br \/>\n<\/strong><\/p>\n<p><a href=\"https:\/\/www.facebook.com\/jusprev\/videos\/1320016611433224\/\">https:\/\/www.facebook.com\/jusprev\/videos\/1320016611433224\/<\/a><\/p>\n<p>&nbsp;<\/p>\n<p><strong>RESERVA DE EMERG\u00caNCIA<\/strong><\/p>\n<p><a href=\"https:\/\/www.facebook.com\/jusprev\/videos\/1320770388024513\/\">https:\/\/www.facebook.com\/jusprev\/videos\/1320770388024513\/<\/a><\/p>\n<p>&nbsp;<\/p>\n<p><strong>DECIS\u00d5ES E ARMADILHAS<\/strong><\/p>\n<p><a href=\"https:\/\/www.facebook.com\/jusprev\/videos\/1321667584601460\/\">https:\/\/www.facebook.com\/jusprev\/videos\/1321667584601460\/<\/a><\/p>\n<p>&nbsp;<\/p>\n<p><strong>INVESTIMENTOS<\/strong><\/p>\n<p><a href=\"https:\/\/jusprev.org.br\/backup\/?p=10712\" target=\"_blank\">Leia aqui <\/a>o texto complementar.<\/p>\n<p><a href=\"https:\/\/www.facebook.com\/jusprev\/videos\/1322451391189746\/\">https:\/\/www.facebook.com\/jusprev\/videos\/1322451391189746\/<\/a><\/p>\n","protected":false},"excerpt":{"rendered":"<p>Entre os dias 14 e 20 de maio acontece a Semana Nacional de Educa\u00e7\u00e3o Financeira, uma iniciativa do Comit\u00ea Nacional de Educa\u00e7\u00e3o Financeira (CONEF) para promover a Estrat\u00e9gia Nacional de&#8230;<\/p>\n","protected":false},"author":3,"featured_media":0,"comment_status":"closed","ping_status":"closed","sticky":false,"template":"","format":"standard","meta":{"footnotes":""},"categories":[31],"tags":[],"class_list":["post-10717","post","type-post","status-publish","format-standard","hentry","category-noticias"],"_links":{"self":[{"href":"https:\/\/jusprev.org.br\/backup\/wp-json\/wp\/v2\/posts\/10717","targetHints":{"allow":["GET"]}}],"collection":[{"href":"https:\/\/jusprev.org.br\/backup\/wp-json\/wp\/v2\/posts"}],"about":[{"href":"https:\/\/jusprev.org.br\/backup\/wp-json\/wp\/v2\/types\/post"}],"author":[{"embeddable":true,"href":"https:\/\/jusprev.org.br\/backup\/wp-json\/wp\/v2\/users\/3"}],"replies":[{"embeddable":true,"href":"https:\/\/jusprev.org.br\/backup\/wp-json\/wp\/v2\/comments?post=10717"}],"version-history":[{"count":0,"href":"https:\/\/jusprev.org.br\/backup\/wp-json\/wp\/v2\/posts\/10717\/revisions"}],"wp:attachment":[{"href":"https:\/\/jusprev.org.br\/backup\/wp-json\/wp\/v2\/media?parent=10717"}],"wp:term":[{"taxonomy":"category","embeddable":true,"href":"https:\/\/jusprev.org.br\/backup\/wp-json\/wp\/v2\/categories?post=10717"},{"taxonomy":"post_tag","embeddable":true,"href":"https:\/\/jusprev.org.br\/backup\/wp-json\/wp\/v2\/tags?post=10717"}],"curies":[{"name":"wp","href":"https:\/\/api.w.org\/{rel}","templated":true}]}}