{"id":10722,"date":"2018-05-21T16:56:49","date_gmt":"2018-05-21T19:56:49","guid":{"rendered":"https:\/\/jusprev.org.br\/backup\/?p=10722"},"modified":"2018-05-21T16:56:49","modified_gmt":"2018-05-21T19:56:49","slug":"jusprev-participa-de-seminario-da-anafe","status":"publish","type":"post","link":"https:\/\/jusprev.org.br\/backup\/jusprev-participa-de-seminario-da-anafe\/","title":{"rendered":"JUSPREV participa de Semin\u00e1rio da ANAFE"},"content":{"rendered":"<p><img loading=\"lazy\" decoding=\"async\" class=\"alignleft size-medium wp-image-10723\" src=\"https:\/\/jusprev.org.br\/backup\/wp-content\/uploads\/2018\/05\/df59698c-d7ef-4622-a50b-5b615db7b921-300x200.jpg\" alt=\"df59698c-d7ef-4622-a50b-5b615db7b921\" width=\"300\" height=\"200\" \/>Na \u00faltima semana, o consultor previdenci\u00e1rio da JUSPREV, Alexandre dos Santos, participou como palestrante do Semin\u00e1rio sobre Previd\u00eancia Complementar, realizado pela Associa\u00e7\u00e3o Nacional dos Advogados P\u00fablicos Federais (ANAFE), que \u00e9 uma das 63 Instituidoras da Entidade.<\/p>\n<p>O evento aconteceu no dia 16 de maio. Na palestra, Alexandre apresentou um panorama de como funciona a Previd\u00eancia Associativa do Minist\u00e9rio P\u00fablico, da Justi\u00e7a Brasileira e dos Auditores Fiscais da Receita Federal do Brasil, os motivos para ades\u00e3o, bem como dados envolvendo a institui\u00e7\u00e3o, criada em 2007.<\/p>\n<p>O consultor tamb\u00e9m apresentou os n\u00fameros da JUSPREV, que possui aproximadamente 3 mil participantes ativos e detalhou as Emendas Constitucionais n\u00ba 20\/98, <a href=\"https:\/\/jusprev.org.br\/backup\/?p=7931\" target=\"_blank\">41\/03<\/a> e 47\/05, que alteram as regras alusivas ao tempo de servi\u00e7o, ao tempo de contribui\u00e7\u00e3o, \u00e0 idade m\u00ednima, \u00e0 integralidade dos proventos e pens\u00f5es, \u00e0 paridade, dentre outras.<\/p>\n<p>\u201cO regime de previd\u00eancia dos servidores p\u00fablicos vem apresentando um cen\u00e1rio de profundas mudan\u00e7as e instabilidade. Cada um est\u00e1 sujeito, de acordo com a data de entrada no servi\u00e7o p\u00fablico, a um determinado regime\u201d, destacou Alexandre.<\/p>\n<p><em>(Com informa\u00e7\u00f5es da ANAFE)<\/em><\/p>\n","protected":false},"excerpt":{"rendered":"<p>Na \u00faltima semana, o consultor previdenci\u00e1rio da JUSPREV, Alexandre dos Santos, participou como palestrante do Semin\u00e1rio sobre Previd\u00eancia Complementar, realizado pela Associa\u00e7\u00e3o Nacional dos Advogados P\u00fablicos Federais (ANAFE), que \u00e9&#8230;<\/p>\n","protected":false},"author":3,"featured_media":0,"comment_status":"closed","ping_status":"closed","sticky":false,"template":"","format":"standard","meta":{"footnotes":""},"categories":[31],"tags":[],"class_list":["post-10722","post","type-post","status-publish","format-standard","hentry","category-noticias"],"_links":{"self":[{"href":"https:\/\/jusprev.org.br\/backup\/wp-json\/wp\/v2\/posts\/10722","targetHints":{"allow":["GET"]}}],"collection":[{"href":"https:\/\/jusprev.org.br\/backup\/wp-json\/wp\/v2\/posts"}],"about":[{"href":"https:\/\/jusprev.org.br\/backup\/wp-json\/wp\/v2\/types\/post"}],"author":[{"embeddable":true,"href":"https:\/\/jusprev.org.br\/backup\/wp-json\/wp\/v2\/users\/3"}],"replies":[{"embeddable":true,"href":"https:\/\/jusprev.org.br\/backup\/wp-json\/wp\/v2\/comments?post=10722"}],"version-history":[{"count":0,"href":"https:\/\/jusprev.org.br\/backup\/wp-json\/wp\/v2\/posts\/10722\/revisions"}],"wp:attachment":[{"href":"https:\/\/jusprev.org.br\/backup\/wp-json\/wp\/v2\/media?parent=10722"}],"wp:term":[{"taxonomy":"category","embeddable":true,"href":"https:\/\/jusprev.org.br\/backup\/wp-json\/wp\/v2\/categories?post=10722"},{"taxonomy":"post_tag","embeddable":true,"href":"https:\/\/jusprev.org.br\/backup\/wp-json\/wp\/v2\/tags?post=10722"}],"curies":[{"name":"wp","href":"https:\/\/api.w.org\/{rel}","templated":true}]}}