{"id":10727,"date":"2018-05-21T17:15:19","date_gmt":"2018-05-21T20:15:19","guid":{"rendered":"https:\/\/jusprev.org.br\/backup\/?p=10727"},"modified":"2018-05-21T17:15:19","modified_gmt":"2018-05-21T20:15:19","slug":"consultor-da-jusprev-ministra-palestra-no-19o-encontro-estadual-dos-defensores-publicos-do-rio-grande-do-sul","status":"publish","type":"post","link":"https:\/\/jusprev.org.br\/backup\/consultor-da-jusprev-ministra-palestra-no-19o-encontro-estadual-dos-defensores-publicos-do-rio-grande-do-sul\/","title":{"rendered":"Consultor da JUSPREV ministra palestra no 19\u00ba Encontro Estadual dos Defensores P\u00fablicos do Rio Grande do Sul"},"content":{"rendered":"<p><img loading=\"lazy\" decoding=\"async\" src=\"https:\/\/jusprev.org.br\/backup\/wp-content\/uploads\/2018\/05\/adpergs_18_05-298x300.jpg\" alt=\"adpergs_18_05\" width=\"298\" height=\"300\" class=\"alignleft size-medium wp-image-10728\" \/>Na \u00faltima sexta-feira, dia 18 de maio, a JUSPREV esteve presente no encontro estadual, realizado pela Associa\u00e7\u00e3o dos Defensores P\u00fablicos do Estado do Rio Grande do Sul (ADPERGS). <\/p>\n<p>Durante o 19\u00ba Encontro dos Defensores P\u00fablicos do Rio Grande do Sul, o consultor previdenci\u00e1rio, Alexandre dos Santos, apresentou a Previd\u00eancia Associativa do Minist\u00e9rio P\u00fablico, da Justi\u00e7a Brasileira e dos Auditores Fiscais da Receita Federal do Brasil. <\/p>\n<p>Associados da ADPERGS j\u00e1 podem aderir a JUSPREV por meio da ANADEP (Associa\u00e7\u00e3o Nacional dos Defensores P\u00fablicos), que j\u00e1 \u00e9 uma das 63 instituidoras da Previd\u00eancia Associativa. O processo de ades\u00e3o da ADPERGS como instituidora da JUSPREV est\u00e1 em andamento junto \u00e0 Previc, que \u00e9 a Superintend\u00eancia Nacional de Previd\u00eancia Complementar. <\/p>\n<p>Atualmente, a JUSPREV administra um patrim\u00f4nio de mais de 200 milh\u00f5es em ativos e possui cerca de 3 mil participantes em todo o pa\u00eds. Ocupa a 6\u00ba posi\u00e7\u00e3o no ranking das maiores Entidades de Previd\u00eancia Complementar Fechada, segundo a Previc. <\/p>\n","protected":false},"excerpt":{"rendered":"<p>Na \u00faltima sexta-feira, dia 18 de maio, a JUSPREV esteve presente no encontro estadual, realizado pela Associa\u00e7\u00e3o dos Defensores P\u00fablicos do Estado do Rio Grande do Sul (ADPERGS). Durante o&#8230;<\/p>\n","protected":false},"author":3,"featured_media":0,"comment_status":"closed","ping_status":"closed","sticky":false,"template":"","format":"standard","meta":{"footnotes":""},"categories":[31],"tags":[],"class_list":["post-10727","post","type-post","status-publish","format-standard","hentry","category-noticias"],"_links":{"self":[{"href":"https:\/\/jusprev.org.br\/backup\/wp-json\/wp\/v2\/posts\/10727","targetHints":{"allow":["GET"]}}],"collection":[{"href":"https:\/\/jusprev.org.br\/backup\/wp-json\/wp\/v2\/posts"}],"about":[{"href":"https:\/\/jusprev.org.br\/backup\/wp-json\/wp\/v2\/types\/post"}],"author":[{"embeddable":true,"href":"https:\/\/jusprev.org.br\/backup\/wp-json\/wp\/v2\/users\/3"}],"replies":[{"embeddable":true,"href":"https:\/\/jusprev.org.br\/backup\/wp-json\/wp\/v2\/comments?post=10727"}],"version-history":[{"count":0,"href":"https:\/\/jusprev.org.br\/backup\/wp-json\/wp\/v2\/posts\/10727\/revisions"}],"wp:attachment":[{"href":"https:\/\/jusprev.org.br\/backup\/wp-json\/wp\/v2\/media?parent=10727"}],"wp:term":[{"taxonomy":"category","embeddable":true,"href":"https:\/\/jusprev.org.br\/backup\/wp-json\/wp\/v2\/categories?post=10727"},{"taxonomy":"post_tag","embeddable":true,"href":"https:\/\/jusprev.org.br\/backup\/wp-json\/wp\/v2\/tags?post=10727"}],"curies":[{"name":"wp","href":"https:\/\/api.w.org\/{rel}","templated":true}]}}