{"id":10747,"date":"2018-05-29T14:18:59","date_gmt":"2018-05-29T17:18:59","guid":{"rendered":"https:\/\/jusprev.org.br\/backup\/?p=10747"},"modified":"2018-05-29T14:18:59","modified_gmt":"2018-05-29T17:18:59","slug":"jusprev-desenvolve-sistema-proprio-de-gestao-de-dados","status":"publish","type":"post","link":"https:\/\/jusprev.org.br\/backup\/jusprev-desenvolve-sistema-proprio-de-gestao-de-dados\/","title":{"rendered":"JUSPREV desenvolve sistema pr\u00f3prio de gest\u00e3o de dados"},"content":{"rendered":"<p><img loading=\"lazy\" decoding=\"async\" src=\"https:\/\/jusprev.org.br\/backup\/wp-content\/uploads\/2018\/05\/statistic-1820320_960_720-300x229.png\" alt=\"statistic-1820320_960_720\" width=\"300\" height=\"229\" class=\"alignleft size-medium wp-image-10748\" \/>Com o objetivo de integrar, alinhar e aprimorar a consolida\u00e7\u00e3o de dados estrat\u00e9gicos e o relacionamento com participantes e potenciais participantes, a JUSPREV desenvolveu seu pr\u00f3prio sistema de consultoria e relacionamento, customizado \u00e0s necessidades da Entidade. <\/p>\n<p>Por meio da plataforma, a JUSPREV registra cada atendimento realizado pelos consultores, entendendo as necessidades de cada regi\u00e3o do pa\u00eds. Desta forma, a Previd\u00eancia Associativa busca a excel\u00eancia no atendimento aos participantes.<\/p>\n<p>A primeira fase de implanta\u00e7\u00e3o teve in\u00edcio em maio. J\u00e1 a segunda fase deve acontecer em breve e vai contemplar mais uma novidade: a p\u00f3s-consultoria. <\/p>\n<p>Al\u00e9m deste sistema, a JUSPREV tamb\u00e9m desenvolveu um B.I (Business Intelligence). Na plataforma est\u00e3o consolidados dados muito utilizados pela Central de Relacionamento com o Participante e Diretoria da Entidade, como o mapeamento de informa\u00e7\u00f5es por regi\u00e3o, participantes por instituidoras, tipos de plano, gr\u00e1ficos e filtros din\u00e2micos. <\/p>\n<p>\u201cPor meio da gest\u00e3o de dados, a JUSPREV visa a estabelecer a excel\u00eancia em seu atendimento em todo o pa\u00eds. Estamos atentos a essas plataformas para poder aprimorar sempre o nosso relacionamento com os participantes\u201d, destaca a gerente da Entidade, Deborah Maggio.  <\/p>\n","protected":false},"excerpt":{"rendered":"<p>Com o objetivo de integrar, alinhar e aprimorar a consolida\u00e7\u00e3o de dados estrat\u00e9gicos e o relacionamento com participantes e potenciais participantes, a JUSPREV desenvolveu seu pr\u00f3prio sistema de consultoria e&#8230;<\/p>\n","protected":false},"author":3,"featured_media":0,"comment_status":"closed","ping_status":"closed","sticky":false,"template":"","format":"standard","meta":{"footnotes":""},"categories":[31],"tags":[],"class_list":["post-10747","post","type-post","status-publish","format-standard","hentry","category-noticias"],"_links":{"self":[{"href":"https:\/\/jusprev.org.br\/backup\/wp-json\/wp\/v2\/posts\/10747","targetHints":{"allow":["GET"]}}],"collection":[{"href":"https:\/\/jusprev.org.br\/backup\/wp-json\/wp\/v2\/posts"}],"about":[{"href":"https:\/\/jusprev.org.br\/backup\/wp-json\/wp\/v2\/types\/post"}],"author":[{"embeddable":true,"href":"https:\/\/jusprev.org.br\/backup\/wp-json\/wp\/v2\/users\/3"}],"replies":[{"embeddable":true,"href":"https:\/\/jusprev.org.br\/backup\/wp-json\/wp\/v2\/comments?post=10747"}],"version-history":[{"count":0,"href":"https:\/\/jusprev.org.br\/backup\/wp-json\/wp\/v2\/posts\/10747\/revisions"}],"wp:attachment":[{"href":"https:\/\/jusprev.org.br\/backup\/wp-json\/wp\/v2\/media?parent=10747"}],"wp:term":[{"taxonomy":"category","embeddable":true,"href":"https:\/\/jusprev.org.br\/backup\/wp-json\/wp\/v2\/categories?post=10747"},{"taxonomy":"post_tag","embeddable":true,"href":"https:\/\/jusprev.org.br\/backup\/wp-json\/wp\/v2\/tags?post=10747"}],"curies":[{"name":"wp","href":"https:\/\/api.w.org\/{rel}","templated":true}]}}