{"id":10763,"date":"2018-06-06T14:27:25","date_gmt":"2018-06-06T17:27:25","guid":{"rendered":"https:\/\/jusprev.org.br\/backup\/?p=10763"},"modified":"2018-06-06T14:27:25","modified_gmt":"2018-06-06T17:27:25","slug":"jusprev-realiza-treinamento-para-novos-consultores-da-regiao-nordeste","status":"publish","type":"post","link":"https:\/\/jusprev.org.br\/backup\/jusprev-realiza-treinamento-para-novos-consultores-da-regiao-nordeste\/","title":{"rendered":"JUSPREV realiza treinamento para novos consultores da regi\u00e3o Nordeste"},"content":{"rendered":"<p>A regi\u00e3o Nordeste do pa\u00eds ser\u00e1 atendida por dois novos consultores que passam a integrar, a partir deste m\u00eas, a equipe pr\u00f3pria de consultoria da JUSPREV: Luiz Felipe Gon\u00e7alves e Telma dos Santos. Para preparar os profissionais, a gerente da JUSPREV, Deborah Maggio, ministra nesta semana, entre os dias 4 e 6, em Fortaleza, o treinamento geral sobre a entidade e seu plano de benef\u00edcios previdenci\u00e1rios.<\/p>\n<p><img loading=\"lazy\" decoding=\"async\" src=\"https:\/\/jusprev.org.br\/backup\/wp-content\/uploads\/2018\/06\/novos_consultores_editado-1024x651.jpg\" alt=\"novos_consultores_editado\" width=\"600\" height=\"400\" class=\"alignleft size-large wp-image-10764\" \/><\/p>\n<p>Com os novos consultores, a JUSPREV objetiva ampliar o atendimento aos potenciais participantes em toda a regi\u00e3o. \u201cNossa consultoria funciona de forma personalizada.  Cada participante tem a sua realidade e uma necessidade espec\u00edfica quando o assunto \u00e9 previd\u00eancia complementar. Por isso, nossa equipe pr\u00f3pria realiza um atendimento exclusivo para maior conforto e seguran\u00e7a dos participantes\u201d, destaca Deborah.<\/p>\n<p>A JUSPREV \u00e9 uma previd\u00eancia complementar associativa com abrang\u00eancia nacional e possui consultores previdenci\u00e1rios que atendem a todos os associados de suas instituidoras. Em dez anos de funcionamento, a Entidade j\u00e1 possui cerca de 3 mil participantes e administra mais de 200 milh\u00f5es de patrim\u00f4nio.<\/p>\n<p>Para fazer parte da JUSPREV, \u00e9 preciso ser associado de uma das mais de 70 Associa\u00e7\u00f5es de Classe de Carreiras Jur\u00eddicas e de Auditoria Fiscal de todo o Brasil. Clique aqui e conhe\u00e7a nossas instituidoras. <\/p>\n","protected":false},"excerpt":{"rendered":"<p>A regi\u00e3o Nordeste do pa\u00eds ser\u00e1 atendida por dois novos consultores que passam a integrar, a partir deste m\u00eas, a equipe pr\u00f3pria de consultoria da JUSPREV: Luiz Felipe Gon\u00e7alves e&#8230;<\/p>\n","protected":false},"author":3,"featured_media":0,"comment_status":"closed","ping_status":"closed","sticky":false,"template":"","format":"standard","meta":{"footnotes":""},"categories":[31],"tags":[],"class_list":["post-10763","post","type-post","status-publish","format-standard","hentry","category-noticias"],"_links":{"self":[{"href":"https:\/\/jusprev.org.br\/backup\/wp-json\/wp\/v2\/posts\/10763","targetHints":{"allow":["GET"]}}],"collection":[{"href":"https:\/\/jusprev.org.br\/backup\/wp-json\/wp\/v2\/posts"}],"about":[{"href":"https:\/\/jusprev.org.br\/backup\/wp-json\/wp\/v2\/types\/post"}],"author":[{"embeddable":true,"href":"https:\/\/jusprev.org.br\/backup\/wp-json\/wp\/v2\/users\/3"}],"replies":[{"embeddable":true,"href":"https:\/\/jusprev.org.br\/backup\/wp-json\/wp\/v2\/comments?post=10763"}],"version-history":[{"count":0,"href":"https:\/\/jusprev.org.br\/backup\/wp-json\/wp\/v2\/posts\/10763\/revisions"}],"wp:attachment":[{"href":"https:\/\/jusprev.org.br\/backup\/wp-json\/wp\/v2\/media?parent=10763"}],"wp:term":[{"taxonomy":"category","embeddable":true,"href":"https:\/\/jusprev.org.br\/backup\/wp-json\/wp\/v2\/categories?post=10763"},{"taxonomy":"post_tag","embeddable":true,"href":"https:\/\/jusprev.org.br\/backup\/wp-json\/wp\/v2\/tags?post=10763"}],"curies":[{"name":"wp","href":"https:\/\/api.w.org\/{rel}","templated":true}]}}