{"id":10770,"date":"2018-06-08T11:33:29","date_gmt":"2018-06-08T14:33:29","guid":{"rendered":"https:\/\/jusprev.org.br\/backup\/?p=10770"},"modified":"2018-06-08T11:33:29","modified_gmt":"2018-06-08T14:33:29","slug":"jusprev-participa-de-reuniao-do-conselho-deliberativo-da-conamp","status":"publish","type":"post","link":"https:\/\/jusprev.org.br\/backup\/jusprev-participa-de-reuniao-do-conselho-deliberativo-da-conamp\/","title":{"rendered":"JUSPREV participa de reuni\u00e3o do Conselho Deliberativo da CONAMP"},"content":{"rendered":"<p><img loading=\"lazy\" decoding=\"async\" src=\"https:\/\/jusprev.org.br\/backup\/wp-content\/uploads\/2018\/06\/reuniao_joao_pessoa_2-2-300x225.jpg\" alt=\"reuniao_joao_pessoa_2-2\" width=\"300\" height=\"225\" class=\"alignleft size-medium wp-image-10771\" \/>Na quinta-feira (07) foi realizada a 4\u00ba reuni\u00e3o ordin\u00e1ria do conselho deliberativo da Associa\u00e7\u00e3o Nacional dos Membros do Minist\u00e9rio P\u00fablico \u2013 CONAMP. Na ocasi\u00e3o, os integrantes conheceram mais sobre a JUSPREV, vantagens e benef\u00edcios da previd\u00eancia complementar associativa. O evento aconteceu em Jo\u00e3o Pessoa, Para\u00edba. <\/p>\n<p>A CONAMP far\u00e1 parte do Col\u00e9gio de Instituidoras da Entidade. Mais de 70 Associa\u00e7\u00f5es de Classe de Carreiras Jur\u00eddicas e de Auditores Fiscais da Receita Federal de todo o pa\u00eds j\u00e1 fazem parte da JUSPREV. Dessas, 25 s\u00e3o Associa\u00e7\u00f5es do Minist\u00e9rio P\u00fablico estaduais. <\/p>\n<p><strong>JUSPREV em n\u00fameros<\/strong><\/p>\n<p>Lan\u00e7ada oficialmente no dia 06 de dezembro de 2007, a JUSPREV administra atualmente um patrim\u00f4nio de mais de 200 milh\u00f5es e tem 3 mil participantes. Ocupa a 6\u00ba posi\u00e7\u00e3o do ranking das maiores entidades de previd\u00eancia complementar fechada do pa\u00eds, segundo a Superintend\u00eancia Nacional de Previd\u00eancia Complementar \u2013 PREVIC. <\/p>\n<p>O plano de benef\u00edcios previdenci\u00e1rios da Entidade, o PLANJUS, oferece quatro benef\u00edcios para os participantes: Renda Mensal Programada; Renda Mensal Educacional; Renda Mensal por Morte e Renda Mensal por Invalidez.<br \/>\n<a href=\"https:\/\/jusprev.org.br\/backup\/?page_id=5345\">Saiba mais vantagens da JUSPREV.  <\/a><\/p>\n","protected":false},"excerpt":{"rendered":"<p>Na quinta-feira (07) foi realizada a 4\u00ba reuni\u00e3o ordin\u00e1ria do conselho deliberativo da Associa\u00e7\u00e3o Nacional dos Membros do Minist\u00e9rio P\u00fablico \u2013 CONAMP. Na ocasi\u00e3o, os integrantes conheceram mais sobre a&#8230;<\/p>\n","protected":false},"author":3,"featured_media":0,"comment_status":"closed","ping_status":"closed","sticky":false,"template":"","format":"standard","meta":{"footnotes":""},"categories":[31],"tags":[],"class_list":["post-10770","post","type-post","status-publish","format-standard","hentry","category-noticias"],"_links":{"self":[{"href":"https:\/\/jusprev.org.br\/backup\/wp-json\/wp\/v2\/posts\/10770","targetHints":{"allow":["GET"]}}],"collection":[{"href":"https:\/\/jusprev.org.br\/backup\/wp-json\/wp\/v2\/posts"}],"about":[{"href":"https:\/\/jusprev.org.br\/backup\/wp-json\/wp\/v2\/types\/post"}],"author":[{"embeddable":true,"href":"https:\/\/jusprev.org.br\/backup\/wp-json\/wp\/v2\/users\/3"}],"replies":[{"embeddable":true,"href":"https:\/\/jusprev.org.br\/backup\/wp-json\/wp\/v2\/comments?post=10770"}],"version-history":[{"count":0,"href":"https:\/\/jusprev.org.br\/backup\/wp-json\/wp\/v2\/posts\/10770\/revisions"}],"wp:attachment":[{"href":"https:\/\/jusprev.org.br\/backup\/wp-json\/wp\/v2\/media?parent=10770"}],"wp:term":[{"taxonomy":"category","embeddable":true,"href":"https:\/\/jusprev.org.br\/backup\/wp-json\/wp\/v2\/categories?post=10770"},{"taxonomy":"post_tag","embeddable":true,"href":"https:\/\/jusprev.org.br\/backup\/wp-json\/wp\/v2\/tags?post=10770"}],"curies":[{"name":"wp","href":"https:\/\/api.w.org\/{rel}","templated":true}]}}