{"id":10775,"date":"2018-06-08T16:24:39","date_gmt":"2018-06-08T19:24:39","guid":{"rendered":"https:\/\/jusprev.org.br\/backup\/?p=10775"},"modified":"2018-06-08T16:24:39","modified_gmt":"2018-06-08T19:24:39","slug":"conselho-monetario-nacional-aprova-nova-resolucao-no-4-661-para-as-efpc","status":"publish","type":"post","link":"https:\/\/jusprev.org.br\/backup\/conselho-monetario-nacional-aprova-nova-resolucao-no-4-661-para-as-efpc\/","title":{"rendered":"Conselho Monet\u00e1rio Nacional aprova nova Resolu\u00e7\u00e3o n\u00ba 4.661 para as EFPC"},"content":{"rendered":"<p>O Conselho Monet\u00e1rio Nacional (CMN) aprovou no \u00faltimo dia 25 de maio a Resolu\u00e7\u00e3o n\u00b0 4.661. O novo texto versa sobre as diretrizes de aplica\u00e7\u00e3o dos recursos garantidores dos planos administrados pelas Entidades Fechadas de Previd\u00eancia Complementar (EFPC), revogando a Resolu\u00e7\u00e3o n\u00ba 3.792, de 24 de setembro de 2009. O novo texto, segundo a Previc, tem como objetivo conduzir as entidades ao aprimoramento de sua gest\u00e3o interna, de modo a mitigar os riscos inerentes ao gerenciamento dos ativos e proporcionar seguran\u00e7a a participantes, assistidos e patrocinadores.<\/p>\n<p>Para a Associa\u00e7\u00e3o Brasileira de Entidades Fechadas de Previd\u00eancia Complementar \u2013 ABRAPP, a Resolu\u00e7\u00e3o traz exig\u00eancias espec\u00edficas para aplica\u00e7\u00f5es de maior risco e complexidade e um refor\u00e7o \u00e0 pr\u00e1tica de segrega\u00e7\u00e3o de ativos. As novas regras tamb\u00e9m determinam que as entidades fechadas dever\u00e3o dar enfoque na compatibiliza\u00e7\u00e3o entre os fluxos do ativo e do passivo para fins de mitiga\u00e7\u00e3o de riscos, em especial o risco de liquidez necess\u00e1ria ao pagamento de benef\u00edcios.<\/p>\n<p>O Comit\u00ea de Investimentos da JUSPREV est\u00e1 em alerta \u00e0s novas determina\u00e7\u00f5es da Resolu\u00e7\u00e3o. Para a Entidade, umas das a\u00e7\u00f5es \u00e9 fortalecer a estrutura das Pol\u00edticas de Investimentos, deixando-as ainda mais especificadas, destacando os limites de riscos.<\/p>\n<p>\u201cNo caso da JUSPREV, trata-se de pequenas mudan\u00e7as, visto que a Entidade j\u00e1 nasceu com forte governan\u00e7a e investimentos adaptados \u00e0 realidade da nova resolu\u00e7\u00e3o\u201d, destaca o representante da empresa Aditus, respons\u00e1vel pela Consultoria de Investimentos da JUSPREV, Guilherme Benites.  <\/p>\n<p><a href=\"https:\/\/jusprev.org.br\/backup\/wp-content\/uploads\/2018\/06\/ADITUS_Comentarios_Resolucao_-CMN_4661.pdf\" target=\"_blank\">Clique aqui<\/a> e acesse relat\u00f3rio completo sobre a Resolu\u00e7\u00e3o, elaborado pela ADITUS.<\/p>\n<p><a href=\"http:\/\/www.previc.gov.br\/regulacao\/normas\/resolucoes\/resolucoes-cmn\/resolucao-cmn-no-4-661-de-25-de-maio-de-2018.pdf\/view\" target=\"_blank\">Clique aqui <\/a>e veja a resolu\u00e7\u00e3o na \u00edntegra.<\/p>\n<p><a href=\"http:\/\/www.previc.gov.br\/central-de-conteudos\/Noticias\/cmn-moderniza-regras-de-investimento-das-entidades-fechadas-de-previdencia-complementar\/view\" target=\"_blank\">Acesse aqui <\/a>a mat\u00e9ria publicada pela Previc sobre a nova Resolu\u00e7\u00e3o.<\/p>\n<p><em>(Com informa\u00e7\u00f5es da Abrapp e Previc)<\/em><\/p>\n","protected":false},"excerpt":{"rendered":"<p>O Conselho Monet\u00e1rio Nacional (CMN) aprovou no \u00faltimo dia 25 de maio a Resolu\u00e7\u00e3o n\u00b0 4.661. O novo texto versa sobre as diretrizes de aplica\u00e7\u00e3o dos recursos garantidores dos planos&#8230;<\/p>\n","protected":false},"author":3,"featured_media":0,"comment_status":"closed","ping_status":"closed","sticky":false,"template":"","format":"standard","meta":{"footnotes":""},"categories":[31],"tags":[],"class_list":["post-10775","post","type-post","status-publish","format-standard","hentry","category-noticias"],"_links":{"self":[{"href":"https:\/\/jusprev.org.br\/backup\/wp-json\/wp\/v2\/posts\/10775","targetHints":{"allow":["GET"]}}],"collection":[{"href":"https:\/\/jusprev.org.br\/backup\/wp-json\/wp\/v2\/posts"}],"about":[{"href":"https:\/\/jusprev.org.br\/backup\/wp-json\/wp\/v2\/types\/post"}],"author":[{"embeddable":true,"href":"https:\/\/jusprev.org.br\/backup\/wp-json\/wp\/v2\/users\/3"}],"replies":[{"embeddable":true,"href":"https:\/\/jusprev.org.br\/backup\/wp-json\/wp\/v2\/comments?post=10775"}],"version-history":[{"count":0,"href":"https:\/\/jusprev.org.br\/backup\/wp-json\/wp\/v2\/posts\/10775\/revisions"}],"wp:attachment":[{"href":"https:\/\/jusprev.org.br\/backup\/wp-json\/wp\/v2\/media?parent=10775"}],"wp:term":[{"taxonomy":"category","embeddable":true,"href":"https:\/\/jusprev.org.br\/backup\/wp-json\/wp\/v2\/categories?post=10775"},{"taxonomy":"post_tag","embeddable":true,"href":"https:\/\/jusprev.org.br\/backup\/wp-json\/wp\/v2\/tags?post=10775"}],"curies":[{"name":"wp","href":"https:\/\/api.w.org\/{rel}","templated":true}]}}