{"id":10796,"date":"2018-06-14T15:11:19","date_gmt":"2018-06-14T18:11:19","guid":{"rendered":"https:\/\/jusprev.org.br\/backup\/?p=10796"},"modified":"2018-06-14T15:11:19","modified_gmt":"2018-06-14T18:11:19","slug":"consultor-da-jusprev-realiza-palestra-no-ministerio-publico-de-alagoas-no-proximo-dia-18","status":"publish","type":"post","link":"https:\/\/jusprev.org.br\/backup\/consultor-da-jusprev-realiza-palestra-no-ministerio-publico-de-alagoas-no-proximo-dia-18\/","title":{"rendered":"Consultor da JUSPREV realiza palestra no Minist\u00e9rio P\u00fablico de Alagoas"},"content":{"rendered":"<p><img loading=\"lazy\" decoding=\"async\" src=\"https:\/\/jusprev.org.br\/backup\/wp-content\/uploads\/2018\/06\/AMPAL.jpg\" alt=\"AMPAL\" width=\"270\" height=\"211\" class=\"alignleft size-full wp-image-10797\" \/>Na pr\u00f3xima segunda-feira, dia 18, o consultor previdenci\u00e1rio da JUSPREV, Alexandre dos Santos, ir\u00e1 ministrar uma palestra sobre \u201cReforma da Previd\u00eancia e suas etapas\u201d e os benef\u00edcios da Previd\u00eancia Complementar Associativa. O evento acontece na sede do Minist\u00e9rio P\u00fablico de Alagoas. <\/p>\n<p>A palestra \u00e9 uma realiza\u00e7\u00e3o da Associa\u00e7\u00e3o do Minist\u00e9rio P\u00fablico de Alagoas (AMPAL) e JUSPREV. <\/p>\n<p>Confira o local e hor\u00e1rio do evento:<br \/>\n<strong>Data:<\/strong> 18 de junho de 2018<br \/>\n<strong>Hor\u00e1rio:<\/strong> 19h30<br \/>\n<strong>Local: <\/strong>Audit\u00f3rio Procurador Edgar Valente de Lima Filho<br \/>\n<strong>Endere\u00e7o:<\/strong> Rua Dr. Pedro Jorge Melo e Silva, 79 &#8211; Po\u00e7o &#8211; 5\u00ba Andar. <\/p>\n","protected":false},"excerpt":{"rendered":"<p>Na pr\u00f3xima segunda-feira, dia 18, o consultor previdenci\u00e1rio da JUSPREV, Alexandre dos Santos, ir\u00e1 ministrar uma palestra sobre \u201cReforma da Previd\u00eancia e suas etapas\u201d e os benef\u00edcios da Previd\u00eancia Complementar&#8230;<\/p>\n","protected":false},"author":3,"featured_media":0,"comment_status":"closed","ping_status":"closed","sticky":false,"template":"","format":"standard","meta":{"footnotes":""},"categories":[31],"tags":[],"class_list":["post-10796","post","type-post","status-publish","format-standard","hentry","category-noticias"],"_links":{"self":[{"href":"https:\/\/jusprev.org.br\/backup\/wp-json\/wp\/v2\/posts\/10796","targetHints":{"allow":["GET"]}}],"collection":[{"href":"https:\/\/jusprev.org.br\/backup\/wp-json\/wp\/v2\/posts"}],"about":[{"href":"https:\/\/jusprev.org.br\/backup\/wp-json\/wp\/v2\/types\/post"}],"author":[{"embeddable":true,"href":"https:\/\/jusprev.org.br\/backup\/wp-json\/wp\/v2\/users\/3"}],"replies":[{"embeddable":true,"href":"https:\/\/jusprev.org.br\/backup\/wp-json\/wp\/v2\/comments?post=10796"}],"version-history":[{"count":0,"href":"https:\/\/jusprev.org.br\/backup\/wp-json\/wp\/v2\/posts\/10796\/revisions"}],"wp:attachment":[{"href":"https:\/\/jusprev.org.br\/backup\/wp-json\/wp\/v2\/media?parent=10796"}],"wp:term":[{"taxonomy":"category","embeddable":true,"href":"https:\/\/jusprev.org.br\/backup\/wp-json\/wp\/v2\/categories?post=10796"},{"taxonomy":"post_tag","embeddable":true,"href":"https:\/\/jusprev.org.br\/backup\/wp-json\/wp\/v2\/tags?post=10796"}],"curies":[{"name":"wp","href":"https:\/\/api.w.org\/{rel}","templated":true}]}}