{"id":10819,"date":"2018-06-22T14:30:38","date_gmt":"2018-06-22T17:30:38","guid":{"rendered":"https:\/\/jusprev.org.br\/backup\/?p=10819"},"modified":"2018-06-22T14:30:38","modified_gmt":"2018-06-22T17:30:38","slug":"jusprev-sera-apresentada-para-associados-da-apajufe","status":"publish","type":"post","link":"https:\/\/jusprev.org.br\/backup\/jusprev-sera-apresentada-para-associados-da-apajufe\/","title":{"rendered":"JUSPREV ser\u00e1 apresentada para associados da APAJUFE"},"content":{"rendered":"<p>Na pr\u00f3xima segunda-feira, dia 25, a JUSPREV ser\u00e1 apresentada para associados da APAJUFE &#8211; Associa\u00e7\u00e3o dos Ju\u00edzes Federais. A institui\u00e7\u00e3o \u00e9 uma das 70 Associa\u00e7\u00f5es Instituidoras da JUSPREV. A gerente da Previd\u00eancia Associativa, Deborah Maggio, ir\u00e1 falar sobre os benef\u00edcios da JUSPREV e ades\u00e3o ao PLANJUS, plano administrado pela Entidade. A palestra acontece na sede da ESMAFE, \u00e0s 10h (Rua Eur\u00edpedes Garcez do Nascimento, 1167, Curitiba\/PR). <\/p>\n<p>Atualmente, a JUSPREV possui cerca de 3 mil participantes e administra um patrim\u00f4nio de mais de 200 milh\u00f5es. A abrang\u00eancia \u00e9 nacional. Por ser uma entidade fechada de previd\u00eancia complementar, \u00e9 voltada para membros do Minist\u00e9rio P\u00fablico, da Justi\u00e7a Brasileira e Auditores Fiscais da Receita Federal do Brasil. <\/p>\n<p><img loading=\"lazy\" decoding=\"async\" src=\"https:\/\/jusprev.org.br\/backup\/wp-content\/uploads\/2018\/06\/0a7cbfe0-afeb-4b10-939d-d12312eb60f8-1024x1024.jpg\" alt=\"0a7cbfe0-afeb-4b10-939d-d12312eb60f8\" width=\"500\" height=\"400\" class=\"alignleft size-large wp-image-10820\" \/><\/p>\n","protected":false},"excerpt":{"rendered":"<p>Na pr\u00f3xima segunda-feira, dia 25, a JUSPREV ser\u00e1 apresentada para associados da APAJUFE &#8211; Associa\u00e7\u00e3o dos Ju\u00edzes Federais. A institui\u00e7\u00e3o \u00e9 uma das 70 Associa\u00e7\u00f5es Instituidoras da JUSPREV. A gerente&#8230;<\/p>\n","protected":false},"author":3,"featured_media":0,"comment_status":"closed","ping_status":"closed","sticky":false,"template":"","format":"standard","meta":{"footnotes":""},"categories":[31],"tags":[],"class_list":["post-10819","post","type-post","status-publish","format-standard","hentry","category-noticias"],"_links":{"self":[{"href":"https:\/\/jusprev.org.br\/backup\/wp-json\/wp\/v2\/posts\/10819","targetHints":{"allow":["GET"]}}],"collection":[{"href":"https:\/\/jusprev.org.br\/backup\/wp-json\/wp\/v2\/posts"}],"about":[{"href":"https:\/\/jusprev.org.br\/backup\/wp-json\/wp\/v2\/types\/post"}],"author":[{"embeddable":true,"href":"https:\/\/jusprev.org.br\/backup\/wp-json\/wp\/v2\/users\/3"}],"replies":[{"embeddable":true,"href":"https:\/\/jusprev.org.br\/backup\/wp-json\/wp\/v2\/comments?post=10819"}],"version-history":[{"count":0,"href":"https:\/\/jusprev.org.br\/backup\/wp-json\/wp\/v2\/posts\/10819\/revisions"}],"wp:attachment":[{"href":"https:\/\/jusprev.org.br\/backup\/wp-json\/wp\/v2\/media?parent=10819"}],"wp:term":[{"taxonomy":"category","embeddable":true,"href":"https:\/\/jusprev.org.br\/backup\/wp-json\/wp\/v2\/categories?post=10819"},{"taxonomy":"post_tag","embeddable":true,"href":"https:\/\/jusprev.org.br\/backup\/wp-json\/wp\/v2\/tags?post=10819"}],"curies":[{"name":"wp","href":"https:\/\/api.w.org\/{rel}","templated":true}]}}