{"id":10832,"date":"2018-06-26T16:56:03","date_gmt":"2018-06-26T19:56:03","guid":{"rendered":"https:\/\/jusprev.org.br\/backup\/?p=10832"},"modified":"2018-06-26T16:56:03","modified_gmt":"2018-06-26T19:56:03","slug":"integrante-do-comite-de-investimentos-da-jusprev-participa-de-curso-de-capacitacao-para-exercicio-da-funcao-de-conselheiro-promovido-pela-uniabrapp","status":"publish","type":"post","link":"https:\/\/jusprev.org.br\/backup\/integrante-do-comite-de-investimentos-da-jusprev-participa-de-curso-de-capacitacao-para-exercicio-da-funcao-de-conselheiro-promovido-pela-uniabrapp\/","title":{"rendered":"Integrante do Comit\u00ea de Investimentos participa de &#8220;Capacita\u00e7\u00e3o para Exerc\u00edcio da Fun\u00e7\u00e3o de Conselheiro&#8221; promovido pela UniAbrapp"},"content":{"rendered":"<p><img loading=\"lazy\" decoding=\"async\" src=\"https:\/\/jusprev.org.br\/backup\/wp-content\/uploads\/2018\/06\/Dr.Gervasio_cursoAbrapp-300x232.jpg\" alt=\"Dr.Gervasio_cursoAbrapp\" width=\"300\" height=\"232\" class=\"alignleft size-medium wp-image-10833\" \/>Encerrou neste m\u00eas mais uma edi\u00e7\u00e3o do curso de Capacita\u00e7\u00e3o para Exerc\u00edcio da Fun\u00e7\u00e3o de Conselheiro, promovido pela UniAbrapp \u2013 Universidade Corporativa da Previd\u00eancia Complementar. Gerv\u00e1sio dos Santos, integrante do Comit\u00ea de Investimentos da JUSPREV, participou da capacita\u00e7\u00e3o, que aconteceu entre os meses de mar\u00e7o e junho.<\/p>\n<p>O curso tem como objetivo capacitar conselheiros das entidades fechadas de previd\u00eancia complementar para atuarem de forma colegiada e como agentes promotores do desenvolvimento da boa governan\u00e7a dos fundos de pens\u00e3o. Apresenta e discute o papel e responsabilidades dos Conselhos e sua rela\u00e7\u00e3o com a gest\u00e3o, oferecendo viv\u00eancia nas quest\u00f5es essenciais, das quais lhe cabem decis\u00e3o e monitoramento.<\/p>\n<p>\u201cDurante a capacita\u00e7\u00e3o foi poss\u00edvel conhecer todas as \u00e1reas de funcionamento da previd\u00eancia complementar fechada, investimentos, riscos e regulamento dos planos. Tivemos uma vis\u00e3o pr\u00e1tica das regras que regulamentam o setor. Os conhecimentos adquiridos confirmaram ainda mais a import\u00e2ncia de termos a JUSPREV como uma op\u00e7\u00e3o de entidade de previd\u00eancia fechada, voltada para os associados das Instituidoras, membros de carreiras jur\u00eddicas e auditoria fiscal\u201d, destaca Gerv\u00e1sio.<\/p>\n<p><img loading=\"lazy\" decoding=\"async\" src=\"https:\/\/jusprev.org.br\/backup\/wp-content\/uploads\/2018\/06\/curso_abrapp-300x172.jpg\" alt=\"curso_abrapp\" width=\"300\" height=\"172\" class=\"alignleft size-medium wp-image-10834\" \/>Ao todo, a capacita\u00e7\u00e3o contemplou quatro m\u00f3dulos, que abrangeram temas como governan\u00e7a das EFPCs, gest\u00e3o atuarial, gest\u00e3o baseada em riscos, controles internos e auditoria, an\u00e1lise dos demonstrativos cont\u00e1beis, parecer do Conselho Fiscal, entre outros.<\/p>\n<p>Segundo o integrante do Comit\u00ea de Investimentos, os fundos de previd\u00eancia complementar ser\u00e3o cada vez mais importantes na vida do profissional e quem n\u00e3o estiver ligado a um fundo acabar\u00e1 ficando dependente das incertezas e mudan\u00e7as decorrentes da previd\u00eancia p\u00fablica. A JUSPREV \u00e9 um dos fundos de pens\u00e3o precursor no modelo de entidade fechada, ou seja, que possui instituidoras. \u00c9 um novo modelo, diferente daqueles fundos que s\u00e3o patrocinados. \u201c\u00c9 uma tend\u00eancia que tende a se firmar no setor de previd\u00eancia. O modelo adotado pela JUSPREV est\u00e1 em conson\u00e2ncia com o mercado e com o futuro da previd\u00eancia complementar\u201d, comenta.<\/p>\n<p><strong>Fiscaliza\u00e7\u00e3o e seguran\u00e7a<\/strong><br \/>\nAs entidades fechadas de previd\u00eancia complementar s\u00e3o intensamente fiscalizadas pela PREVIC &#8211; Superintend\u00eancia Nacional de Previd\u00eancia Complementar. Esse foi um dos pontos destacados durante a capacita\u00e7\u00e3o. \u201cTudo que \u00e9 feito nas EFPC \u00e9 extremamente fiscalizado ao ponto de responsabilizar seus dirigentes. \u00c9 uma seguran\u00e7a para os participantes\u201d, complementou Gerv\u00e1sio.<\/p>\n<p>A JUSPREV, por se tratar de uma entidade fechada de previd\u00eancia complementar, segue regras e normas que garantem a seguran\u00e7a dos investimentos para os participantes. A Entidade tamb\u00e9m \u00e9 dirigida pelos pr\u00f3prios participantes e pelas mais de 70 Associa\u00e7\u00f5es Instituidoras, o que fortalece ainda mais a confian\u00e7a, credibilidade e transpar\u00eancia, pilares da gest\u00e3o da JUSPREV.<\/p>\n","protected":false},"excerpt":{"rendered":"<p>Encerrou neste m\u00eas mais uma edi\u00e7\u00e3o do curso de Capacita\u00e7\u00e3o para Exerc\u00edcio da Fun\u00e7\u00e3o de Conselheiro, promovido pela UniAbrapp \u2013 Universidade Corporativa da Previd\u00eancia Complementar. Gerv\u00e1sio dos Santos, integrante do&#8230;<\/p>\n","protected":false},"author":3,"featured_media":0,"comment_status":"closed","ping_status":"closed","sticky":false,"template":"","format":"standard","meta":{"footnotes":""},"categories":[31],"tags":[],"class_list":["post-10832","post","type-post","status-publish","format-standard","hentry","category-noticias"],"_links":{"self":[{"href":"https:\/\/jusprev.org.br\/backup\/wp-json\/wp\/v2\/posts\/10832","targetHints":{"allow":["GET"]}}],"collection":[{"href":"https:\/\/jusprev.org.br\/backup\/wp-json\/wp\/v2\/posts"}],"about":[{"href":"https:\/\/jusprev.org.br\/backup\/wp-json\/wp\/v2\/types\/post"}],"author":[{"embeddable":true,"href":"https:\/\/jusprev.org.br\/backup\/wp-json\/wp\/v2\/users\/3"}],"replies":[{"embeddable":true,"href":"https:\/\/jusprev.org.br\/backup\/wp-json\/wp\/v2\/comments?post=10832"}],"version-history":[{"count":0,"href":"https:\/\/jusprev.org.br\/backup\/wp-json\/wp\/v2\/posts\/10832\/revisions"}],"wp:attachment":[{"href":"https:\/\/jusprev.org.br\/backup\/wp-json\/wp\/v2\/media?parent=10832"}],"wp:term":[{"taxonomy":"category","embeddable":true,"href":"https:\/\/jusprev.org.br\/backup\/wp-json\/wp\/v2\/categories?post=10832"},{"taxonomy":"post_tag","embeddable":true,"href":"https:\/\/jusprev.org.br\/backup\/wp-json\/wp\/v2\/tags?post=10832"}],"curies":[{"name":"wp","href":"https:\/\/api.w.org\/{rel}","templated":true}]}}