{"id":10857,"date":"2018-07-05T15:18:53","date_gmt":"2018-07-05T18:18:53","guid":{"rendered":"https:\/\/jusprev.org.br\/backup\/?p=10857"},"modified":"2018-07-05T15:18:53","modified_gmt":"2018-07-05T18:18:53","slug":"novas-associacoes-no-colegio-de-instituidoras-da-jusprev-adpgers-acmp-e-adepar","status":"publish","type":"post","link":"https:\/\/jusprev.org.br\/backup\/novas-associacoes-no-colegio-de-instituidoras-da-jusprev-adpgers-acmp-e-adepar\/","title":{"rendered":"Novas Associa\u00e7\u00f5es no Col\u00e9gio de Instituidoras da JUSPREV: ADPGERS, ACMP e ADEPAR"},"content":{"rendered":"<p>No m\u00eas de junho, tr\u00eas novas Associa\u00e7\u00f5es passaram a integrar o Col\u00e9gio de Instituidoras da JUSPREV: Associa\u00e7\u00e3o dos Defensores P\u00fablicos do Estado do Rio Grande do Sul (ADPERGS) e Associa\u00e7\u00e3o dos Defensores P\u00fablicos do Paran\u00e1 (ADEPAR) e Associa\u00e7\u00e3o Cearense do Minist\u00e9rio P\u00fablico (ACMP). Com as novas entidades, o \u00f3rg\u00e3o colegiado j\u00e1 conta com mais de 70 Associa\u00e7\u00f5es de Carreiras P\u00fablicas e de Auditores Fiscais da Receita Federal do Brasil. <\/p>\n<p>\u00c9 ASSOCIADO (A) DE UMA DAS INSTITUI\u00c7\u00d5ES?<br \/>\nFA\u00c7A PARTE DA JUSPREV!<\/p>\n<p>Envie seu contato e associa\u00e7\u00e3o para o e-mail <strong>consultoria@jusprev.org.br<\/strong>, que a JUSPREV entrar\u00e1 em contato para fazer uma consultoria personalizada.<br \/>\nSe preferir, ligue para <strong>0800 052 34 34 <\/strong>ou <strong>(41) 3252 &#8211; 3400<\/strong>.<\/p>\n<p>CONHE\u00c7A CADA UMA DAS ASSOCIA\u00c7\u00d5ES:<\/p>\n<p><img loading=\"lazy\" decoding=\"async\" src=\"https:\/\/jusprev.org.br\/backup\/wp-content\/uploads\/2018\/07\/adpgers_logo-300x174.jpg\" alt=\"adpgers_logo\" width=\"300\" height=\"174\" class=\"aligncenter size-medium wp-image-10868\" \/><br \/>\nA ADPERGS foi fundada em 30 de dezembro de 1981, com a denomina\u00e7\u00e3o de Associa\u00e7\u00e3o dos Assistentes Judici\u00e1rios do Rio Grande do Sul e em 13 de junho de 1991, passou \u00e0 atual denomina\u00e7\u00e3o: Associa\u00e7\u00e3o dos Defensores P\u00fablicos do Estado do Rio Grande do Sul. Tem participa\u00e7\u00e3o decisiva no processo de consolida\u00e7\u00e3o da autonomia administrativa, financeira e or\u00e7ament\u00e1ria da Defensoria P\u00fablica, assegurada no artigo 134, par\u00e1grafo 2\u00ba, da Constitui\u00e7\u00e3o Federal, de modo a garantir a melhoria das condi\u00e7\u00f5es de trabalho, bem como a valoriza\u00e7\u00e3o dos defensores p\u00fablicos do Estado.<\/p>\n<p><img loading=\"lazy\" decoding=\"async\" src=\"https:\/\/jusprev.org.br\/backup\/wp-content\/uploads\/2018\/07\/logo-final-site-300x153.png\" alt=\"logo-final-site\" width=\"300\" height=\"153\" class=\"aligncenter size-medium wp-image-10859\" \/>A ADEPAR foi fundada, oficialmente, em 29 de novembro de 2014. \u00c9 uma institui\u00e7\u00e3o sem fins lucrativos que representa os membros da Defensoria P\u00fablica do Estado do Paran\u00e1, reivindicando e trabalhando na defesa de seus direitos e de seus interesses. \u00c9 associada \u00e0 Anadep (Associa\u00e7\u00e3o Nacional dos Defensores P\u00fablicos) e, ao lado dela, empenha-se tamb\u00e9m em mostrar para a sociedade o papel fundamental que a Defensoria P\u00fablica desempenha em um regime democr\u00e1tico, oferecendo assist\u00eancia jur\u00eddica gratuita e integral para os necessitados, na forma do inciso LXXIV do art. 5\u00ba da Constitui\u00e7\u00e3o Federal.<\/p>\n<p><img loading=\"lazy\" decoding=\"async\" src=\"https:\/\/jusprev.org.br\/backup\/wp-content\/uploads\/2018\/07\/ACMP_logo-300x64.png\" alt=\"ACMP_logo\" width=\"300\" height=\"64\" class=\"aligncenter size-medium wp-image-10860\" \/><\/p>\n<p>A ACMP foi fundada em 26 de dezembro de 1942, com sede na cidade de Fortaleza, Cear\u00e1. Atualmente, a entidade congrega 564 associados, sendo 405 Promotores de Justi\u00e7a, 43 Procuradores de Justi\u00e7a, 98 aposentados, 11 pensionistas, 2 membros do Minist\u00e9rio P\u00fablico junto ao Tribunal de Contas do Estado do Cear\u00e1 e 5 s\u00f3cios colaboradores.<br \/>\n<strong><\/p>\n","protected":false},"excerpt":{"rendered":"<p>No m\u00eas de junho, tr\u00eas novas Associa\u00e7\u00f5es passaram a integrar o Col\u00e9gio de Instituidoras da JUSPREV: Associa\u00e7\u00e3o dos Defensores P\u00fablicos do Estado do Rio Grande do Sul (ADPERGS) e Associa\u00e7\u00e3o&#8230;<\/p>\n","protected":false},"author":3,"featured_media":0,"comment_status":"closed","ping_status":"closed","sticky":false,"template":"","format":"standard","meta":{"footnotes":""},"categories":[31],"tags":[],"class_list":["post-10857","post","type-post","status-publish","format-standard","hentry","category-noticias"],"_links":{"self":[{"href":"https:\/\/jusprev.org.br\/backup\/wp-json\/wp\/v2\/posts\/10857","targetHints":{"allow":["GET"]}}],"collection":[{"href":"https:\/\/jusprev.org.br\/backup\/wp-json\/wp\/v2\/posts"}],"about":[{"href":"https:\/\/jusprev.org.br\/backup\/wp-json\/wp\/v2\/types\/post"}],"author":[{"embeddable":true,"href":"https:\/\/jusprev.org.br\/backup\/wp-json\/wp\/v2\/users\/3"}],"replies":[{"embeddable":true,"href":"https:\/\/jusprev.org.br\/backup\/wp-json\/wp\/v2\/comments?post=10857"}],"version-history":[{"count":0,"href":"https:\/\/jusprev.org.br\/backup\/wp-json\/wp\/v2\/posts\/10857\/revisions"}],"wp:attachment":[{"href":"https:\/\/jusprev.org.br\/backup\/wp-json\/wp\/v2\/media?parent=10857"}],"wp:term":[{"taxonomy":"category","embeddable":true,"href":"https:\/\/jusprev.org.br\/backup\/wp-json\/wp\/v2\/categories?post=10857"},{"taxonomy":"post_tag","embeddable":true,"href":"https:\/\/jusprev.org.br\/backup\/wp-json\/wp\/v2\/tags?post=10857"}],"curies":[{"name":"wp","href":"https:\/\/api.w.org\/{rel}","templated":true}]}}