{"id":10918,"date":"2018-07-20T17:00:55","date_gmt":"2018-07-20T20:00:55","guid":{"rendered":"https:\/\/jusprev.org.br\/backup\/?p=10918"},"modified":"2018-07-20T17:00:55","modified_gmt":"2018-07-20T20:00:55","slug":"membros-da-diretoria-executiva-da-jusprev-recebem-atestado-de-habilitacao-da-previc","status":"publish","type":"post","link":"https:\/\/jusprev.org.br\/backup\/membros-da-diretoria-executiva-da-jusprev-recebem-atestado-de-habilitacao-da-previc\/","title":{"rendered":"Membros da Diretoria Executiva da JUSPREV recebem Atestado de Habilita\u00e7\u00e3o da PREVIC"},"content":{"rendered":"<p>O Diretor Administrativo-Financeiro da JUSPREV, Jair Eduardo Santana e o Diretor Jur\u00eddico e de Benef\u00edcios da Entidade, Marcio Humberto Gheller, oficializaram junto a Superintend\u00eancia Nacional de Previd\u00eancia Complementar (PREVIC) o atendimento aos requisitos condicionantes ao exerc\u00edcio do cargo, em atendimento a Resolu\u00e7\u00e3o MPS\/CNPC n\u00ba19, de 30\/03\/2015 e demais publica\u00e7\u00f5es.<\/p>\n<p>Este procedimento, composto de uma s\u00e9rie de informa\u00e7\u00f5es e documentos, \u00e9 formalizado por meio de um Atestado de Habilita\u00e7\u00e3o, expedido pela PREVIC, ap\u00f3s uma an\u00e1lise t\u00e9cnica e criteriosa.<br \/>\nPara obter este Atestado, \u00e9 necess\u00e1rio que os dirigentes comprovem experi\u00eancia no exerc\u00edcio de atividades nas \u00e1reas financeira, administrativa, cont\u00e1bil, jur\u00eddica, de fiscaliza\u00e7\u00e3o ou de auditoria; al\u00e9m de n\u00e3o terem sofrido condena\u00e7\u00e3o criminal transitada em julgado ou penalidade administrativa por infra\u00e7\u00e3o da legisla\u00e7\u00e3o da seguridade social, inclusive da previd\u00eancia complementar, ou como servidor p\u00fablico; e ter ilibada reputa\u00e7\u00e3o.<\/p>\n<p>Al\u00e9m de buscar o compliance com a legisla\u00e7\u00e3o aplic\u00e1vel, a JUSPREV acredita na import\u00e2ncia dos processos de certifica\u00e7\u00e3o e habilita\u00e7\u00e3o de dirigentes como uma ferramenta para a constru\u00e7\u00e3o de um sistema de previd\u00eancia complementar cada fez mais profissional, qualificado e seguro, reafirmando seu compromisso com a compet\u00eancia t\u00e9cnica de seus dirigentes e com a transpar\u00eancia de sua gest\u00e3o. <\/p>\n<p><a href=\"https:\/\/jusprev.org.br\/backup\/?page_id=789\" target=\"_blank\">Clique aqui <\/a>e conhe\u00e7a os integrantes da Diretoria Executiva da JUSPREV. <\/p>\n<div id=\"attachment_10919\" style=\"width: 160px\" class=\"wp-caption alignleft\"><img loading=\"lazy\" decoding=\"async\" aria-describedby=\"caption-attachment-10919\" src=\"https:\/\/jusprev.org.br\/backup\/wp-content\/uploads\/2018\/07\/jusprev_063-150x150.jpg\" alt=\"Marcio Humberto Gheller, Diretor Jur\u00eddico e de Benef\u00edcios da JUSPREV\" width=\"150\" height=\"150\" class=\"size-thumbnail wp-image-10919\" \/><p id=\"caption-attachment-10919\" class=\"wp-caption-text\">Marcio Humberto Gheller, Diretor Jur\u00eddico e de Benef\u00edcios da JUSPREV<\/p><\/div>\n<div id=\"attachment_10920\" style=\"width: 160px\" class=\"wp-caption alignleft\"><img loading=\"lazy\" decoding=\"async\" aria-describedby=\"caption-attachment-10920\" src=\"https:\/\/jusprev.org.br\/backup\/wp-content\/uploads\/2018\/07\/jusprev_091-150x150.jpg\" alt=\"Jair Eduardo Santana, Diretor Administrativo-Financeiro da JUSPREV\" width=\"150\" height=\"150\" class=\"size-thumbnail wp-image-10920\" \/><p id=\"caption-attachment-10920\" class=\"wp-caption-text\">Jair Eduardo Santana, Diretor Administrativo-Financeiro da JUSPREV<\/p><\/div>\n","protected":false},"excerpt":{"rendered":"<p>O Diretor Administrativo-Financeiro da JUSPREV, Jair Eduardo Santana e o Diretor Jur\u00eddico e de Benef\u00edcios da Entidade, Marcio Humberto Gheller, oficializaram junto a Superintend\u00eancia Nacional de Previd\u00eancia Complementar (PREVIC) o&#8230;<\/p>\n","protected":false},"author":3,"featured_media":0,"comment_status":"closed","ping_status":"closed","sticky":false,"template":"","format":"standard","meta":{"footnotes":""},"categories":[31],"tags":[],"class_list":["post-10918","post","type-post","status-publish","format-standard","hentry","category-noticias"],"_links":{"self":[{"href":"https:\/\/jusprev.org.br\/backup\/wp-json\/wp\/v2\/posts\/10918","targetHints":{"allow":["GET"]}}],"collection":[{"href":"https:\/\/jusprev.org.br\/backup\/wp-json\/wp\/v2\/posts"}],"about":[{"href":"https:\/\/jusprev.org.br\/backup\/wp-json\/wp\/v2\/types\/post"}],"author":[{"embeddable":true,"href":"https:\/\/jusprev.org.br\/backup\/wp-json\/wp\/v2\/users\/3"}],"replies":[{"embeddable":true,"href":"https:\/\/jusprev.org.br\/backup\/wp-json\/wp\/v2\/comments?post=10918"}],"version-history":[{"count":0,"href":"https:\/\/jusprev.org.br\/backup\/wp-json\/wp\/v2\/posts\/10918\/revisions"}],"wp:attachment":[{"href":"https:\/\/jusprev.org.br\/backup\/wp-json\/wp\/v2\/media?parent=10918"}],"wp:term":[{"taxonomy":"category","embeddable":true,"href":"https:\/\/jusprev.org.br\/backup\/wp-json\/wp\/v2\/categories?post=10918"},{"taxonomy":"post_tag","embeddable":true,"href":"https:\/\/jusprev.org.br\/backup\/wp-json\/wp\/v2\/tags?post=10918"}],"curies":[{"name":"wp","href":"https:\/\/api.w.org\/{rel}","templated":true}]}}