{"id":10951,"date":"2018-08-06T10:05:03","date_gmt":"2018-08-06T13:05:03","guid":{"rendered":"https:\/\/jusprev.org.br\/backup\/?p=10951"},"modified":"2018-08-06T10:05:03","modified_gmt":"2018-08-06T13:05:03","slug":"saiba-como-fazer-a-portabilidade-do-seu-pgbl-para-a-jusprev","status":"publish","type":"post","link":"https:\/\/jusprev.org.br\/backup\/saiba-como-fazer-a-portabilidade-do-seu-pgbl-para-a-jusprev\/","title":{"rendered":"Saiba como fazer a portabilidade do seu PGBL para a JUSPREV"},"content":{"rendered":"<p><img loading=\"lazy\" decoding=\"async\" src=\"https:\/\/jusprev.org.br\/backup\/wp-content\/uploads\/2018\/08\/Blog_portabilidade.jpg\" alt=\"Blog_portabilidade\" width=\"723\" height=\"379\" class=\"aligncenter size-full wp-image-10952\" \/><\/p>\n<p>Uma das d\u00favidas de quem j\u00e1 possui um PGBL (Planos Garantidores de Benef\u00edcio Livre) em outros bancos e seguradoras e j\u00e1 aderiu ao PLANJUS \u00e9 se \u00e9 poss\u00edvel realizar a portabilidade desse valor para a JUSPREV. <\/p>\n<p>O PGBL pode ser transferido para a JUSPREV e essa transfer\u00eancia \u00e9 isenta de tributa\u00e7\u00e3o. Ou seja, esse valor de outra previd\u00eancia passar\u00e1 integralmente para sua conta individual na JUSPREV sem custo nenhum.<\/p>\n<p>A portabilidade \u00e9 o instituto legal que permite ao participante a transfer\u00eancia de seus recursos previdenci\u00e1rios entre diferentes Entidades de Previd\u00eancia Complementar. <\/p>\n<p>Na JUSPREV, a transfer\u00eancia \u00e9 realizada em at\u00e9 30 dias e a exig\u00eancia \u00e9 que sejam contas de mesmo CPF. Solicitar a portabilidade do seu PGBL para a JUSPREV \u00e9 muito simples, basta apenas entrar em contato com a Central de Relacionamento com o Participante que daremos o suporte em todas as etapas.<\/p>\n<p>E, ainda, por sermos uma Previd\u00eancia Associativa sem fins lucrativos, nossas taxas s\u00e3o reduzidas, fazendo com que o saldo total da sua previd\u00eancia possua maior rentabilidade.<\/p>\n<p>A JUSPREV n\u00e3o possui taxa de carregamento mensal e a taxa de administra\u00e7\u00e3o anual \u00e9 de 0,7%. Estamos sempre trabalhando para que essa taxa diminua cada vez mais e garanta um retorno ainda maior aos participantes.<\/p>\n<p>Em 2017, a Central de Relacionamento com o Participante registrou mais de 50 portabilidades, que somaram mais de R$ 5 milh\u00f5es em transfer\u00eancias de recursos. At\u00e9 junho de 2018, j\u00e1 foram contabilizadas 49 portabilidades, que, juntas, j\u00e1 chegam a aproximadamente R$ 5 milh\u00f5es.<\/p>\n<p><strong>Entre em contato por meio de um de nossos canais e tire todas suas d\u00favidas sobre o PLANJUS e o processo de portabilidade:<\/strong><\/p>\n<p><strong>0800 052 3434 | (41) 3252 &#8211; 3400<br \/>\nWhatsApp: (41) 99512-8377<br \/>\nrelacionamento@jusprev.org.br<\/strong><\/p>\n","protected":false},"excerpt":{"rendered":"<p>Uma das d\u00favidas de quem j\u00e1 possui um PGBL (Planos Garantidores de Benef\u00edcio Livre) em outros bancos e seguradoras e j\u00e1 aderiu ao PLANJUS \u00e9 se \u00e9 poss\u00edvel realizar a&#8230;<\/p>\n","protected":false},"author":3,"featured_media":0,"comment_status":"closed","ping_status":"closed","sticky":false,"template":"","format":"standard","meta":{"footnotes":""},"categories":[31],"tags":[],"class_list":["post-10951","post","type-post","status-publish","format-standard","hentry","category-noticias"],"_links":{"self":[{"href":"https:\/\/jusprev.org.br\/backup\/wp-json\/wp\/v2\/posts\/10951","targetHints":{"allow":["GET"]}}],"collection":[{"href":"https:\/\/jusprev.org.br\/backup\/wp-json\/wp\/v2\/posts"}],"about":[{"href":"https:\/\/jusprev.org.br\/backup\/wp-json\/wp\/v2\/types\/post"}],"author":[{"embeddable":true,"href":"https:\/\/jusprev.org.br\/backup\/wp-json\/wp\/v2\/users\/3"}],"replies":[{"embeddable":true,"href":"https:\/\/jusprev.org.br\/backup\/wp-json\/wp\/v2\/comments?post=10951"}],"version-history":[{"count":0,"href":"https:\/\/jusprev.org.br\/backup\/wp-json\/wp\/v2\/posts\/10951\/revisions"}],"wp:attachment":[{"href":"https:\/\/jusprev.org.br\/backup\/wp-json\/wp\/v2\/media?parent=10951"}],"wp:term":[{"taxonomy":"category","embeddable":true,"href":"https:\/\/jusprev.org.br\/backup\/wp-json\/wp\/v2\/categories?post=10951"},{"taxonomy":"post_tag","embeddable":true,"href":"https:\/\/jusprev.org.br\/backup\/wp-json\/wp\/v2\/tags?post=10951"}],"curies":[{"name":"wp","href":"https:\/\/api.w.org\/{rel}","templated":true}]}}